
			
				

					
				

			
		{"items":"\n\t\t\t\t\t\t\t\t\t\t\t\n<article id=\"post-22587\" class=\"wd-post blog-design-mask blog-post-loop blog-style-flat wd-col post-22587 post type-post status-publish format-standard has-post-thumbnail hentry category-home-barista category-gastronomie\">\n\t<div class=\"article-inner\">\n\t\t<header class=\"entry-header\">\n\t\t\t\t\t\t\t<figure class=\"entry-thumbnail\">\n\t\t\t\t\t\t\t\t\t\t\t<div class=\"post-img-wrapp\">\n\t\t\t\t\t\t\t<a href=\"https:\/\/blumkaffee.com\/espresso-zubereitung-espresso-siebtragermaschine\/\">\n\t\t\t\t\t\t\t\t<img width=\"1024\" height=\"536\" src=\"https:\/\/blumkaffee.com\/wp-content\/themes\/woodmart\/images\/lazy.svg\" class=\"attachment-large size-large\" alt=\"espresso siebtr\u00e4germaschine\" decoding=\"async\" srcset=\"\" sizes=\"(max-width: 1024px) 100vw, 1024px\" data-src=\"https:\/\/blumkaffee.com\/wp-content\/uploads\/2023\/12\/16-Espresso-schwenken-1024x536.jpg\" data-srcset=\"https:\/\/blumkaffee.com\/wp-content\/uploads\/2023\/12\/16-Espresso-schwenken-1024x536.jpg 1024w, https:\/\/blumkaffee.com\/wp-content\/uploads\/2023\/12\/16-Espresso-schwenken-300x157.jpg 300w, https:\/\/blumkaffee.com\/wp-content\/uploads\/2023\/12\/16-Espresso-schwenken-768x402.jpg 768w, https:\/\/blumkaffee.com\/wp-content\/uploads\/2023\/12\/16-Espresso-schwenken-1536x804.jpg 1536w, https:\/\/blumkaffee.com\/wp-content\/uploads\/2023\/12\/16-Espresso-schwenken-860x450.jpg 860w, https:\/\/blumkaffee.com\/wp-content\/uploads\/2023\/12\/16-Espresso-schwenken-1080x565.jpg 1080w, https:\/\/blumkaffee.com\/wp-content\/uploads\/2023\/12\/16-Espresso-schwenken-430x225.jpg 430w, https:\/\/blumkaffee.com\/wp-content\/uploads\/2023\/12\/16-Espresso-schwenken-700x366.jpg 700w, https:\/\/blumkaffee.com\/wp-content\/uploads\/2023\/12\/16-Espresso-schwenken-150x79.jpg 150w, https:\/\/blumkaffee.com\/wp-content\/uploads\/2023\/12\/16-Espresso-schwenken.jpg 2048w\" \/>\t\t\t\t\t\t\t<\/a>\n\t\t\t\t\t\t<\/div>\n\t\t\t\t\t\t<div class=\"post-image-mask\">\n\t\t\t\t\t\t\t<span><\/span>\n\t\t\t\t\t\t<\/div>\n\t\t\t\t\t\t\t\t\t<\/figure>\n\t\t\t\n\t\t\t\t\t\t<div class=\"wd-post-date wd-style-with-bg\">\n\t\t\t\t<span class=\"post-date-day\">\n\t\t\t\t\t14\t\t\t\t<\/span>\n\t\t\t\t<span class=\"post-date-month\">\n\t\t\t\t\tDez.\t\t\t\t<\/span>\n\t\t\t<\/div>\n\t\t\t\t<\/header>\n\n\t\t<div class=\"article-body-container\">\n\t\t\t\t\t\t\t<div class=\"meta-categories-wrapp\">\n\t\t\t\t\t<div class=\"meta-post-categories wd-post-cat wd-style-with-bg\">\n\t\t\t\t\t\t<a href=\"https:\/\/blumkaffee.com\/category\/home-barista\/\" rel=\"category tag\">Home Barista<\/a>, <a href=\"https:\/\/blumkaffee.com\/category\/gastronomie\/\" rel=\"category tag\">Gastronomie<\/a>\t\t\t\t\t<\/div>\n\t\t\t\t<\/div>\n\t\t\t\n\t\t\t\t\t\t\t<h3 class=\"wd-entities-title title post-title\">\n\t\t\t\t\t<a href=\"https:\/\/blumkaffee.com\/espresso-zubereitung-espresso-siebtragermaschine\/\" rel=\"bookmark\">Espresso Zubereitung mit der Espresso Siebtr\u00e4germaschine\u00a0<\/a>\n\t\t\t\t<\/h3>\n\t\t\t\n\t\t\t\t\t\t\t<div class=\"entry-meta wd-entry-meta\">\n\t\t\t\t\t\t\t\t<ul class=\"entry-meta-list\">\n\t\t\t\t\t\t\t\t\t<li class=\"modified-date\">\n\t\t\t\t\t\t\t\t<time class=\"updated\" datetime=\"2023-12-14T10:29:24+01:00\">\n\t\t\tDezember 14, 2023\t\t<\/time>\n\t\t\t\t\t\t\t<\/li>\n\n\t\t\t\t\t\n\t\t\t\t\t\t\t\t\t\t\t<li class=\"meta-author\">\n\t\t\t\t\t\t\t\t\t\t\t\t<span>Durch<\/span>\n\t\t\n\t\t\t\t\t<img alt='author-avatar' src=\"https:\/\/blumkaffee.com\/wp-content\/themes\/woodmart\/images\/lazy.svg\" data-src='https:\/\/secure.gravatar.com\/avatar\/5bfa769c865f582d3365725efaebb568b05fd97a2008df76157a93568b6209c6?s=32&#038;d=mm&#038;r=g' srcset=\"\" data-srcset='https:\/\/secure.gravatar.com\/avatar\/5bfa769c865f582d3365725efaebb568b05fd97a2008df76157a93568b6209c6?s=64&#038;d=mm&#038;r=g 2x' class='avatar avatar-32 photo' height='32' width='32' decoding='async'\/>\t\t\n\t\t<a href=\"https:\/\/blumkaffee.com\/author\/teamblumkaffee-ch\/\" class=\"author\" rel=\"author\">team@blumkaffee.ch<\/a>\n\t\t\t\t\t\t\t\t<\/li>\n\t\t\t\t\t\n\t\t\t\t\t\n\t\t\t\t\t\t\t\t\t\t\t<li class=\"meta-reply\">\n\t\t\t\t\t\t\t<a href=\"https:\/\/blumkaffee.com\/espresso-zubereitung-espresso-siebtragermaschine\/#respond\"><span class=\"replies-count\">0<\/span> <span class=\"replies-count-label\">Bemerkungen<\/span><\/a>\t\t\t\t\t\t<\/li>\n\t\t\t\t\t\t\t\t\t\t\t\t<\/ul>\n\t\t\t\t\t\t<\/div>\n\t\t\t\t\t\t\t\t\t<div class=\"hovered-social-icons wd-tltp\">\n\t\t\t\t\t\t<div class=\"tooltip top\">\n\t\t\t\t\t\t\t<div class=\"tooltip-arrow\"><\/div>\n\t\t\t\t\t\t\t<div class=\"tooltip-inner\">\n\t\t\t\t\t\t\t\t\t\t\t<link rel=\"stylesheet\" id=\"wd-social-icons-css\" href=\"https:\/\/blumkaffee.com\/wp-content\/themes\/woodmart\/css\/parts\/el-social-icons.min.css?ver=8.1.2\" type=\"text\/css\" media=\"all\" \/> \t\t\t\t\t\t<div id=\"\" class=\" wd-social-icons wd-style-default wd-size-small social-share wd-shape-circle color-scheme-light text-center\">\n\t\t\t\t\n\t\t\t\t\n\t\t\t\t\t\t\t\t\t<a rel=\"noopener noreferrer nofollow\" href=\"https:\/\/www.facebook.com\/sharer\/sharer.php?u=https:\/\/blumkaffee.com\/category\/home-barista\/\" target=\"_blank\" class=\" wd-social-icon social-facebook\" aria-label=\"Facebook social link\">\n\t\t\t\t\t\t<span class=\"wd-icon\"><\/span>\n\t\t\t\t\t\t\t\t\t\t\t<\/a>\n\t\t\t\t\n\t\t\t\t\t\t\t\t\t<a rel=\"noopener noreferrer nofollow\" href=\"https:\/\/x.com\/share?url=https:\/\/blumkaffee.com\/category\/home-barista\/\" target=\"_blank\" class=\" wd-social-icon social-twitter\" aria-label=\"X social link\">\n\t\t\t\t\t\t<span class=\"wd-icon\"><\/span>\n\t\t\t\t\t\t\t\t\t\t\t<\/a>\n\t\t\t\t\n\t\t\t\t\n\t\t\t\t\n\t\t\t\t\n\t\t\t\t\n\t\t\t\t\n\t\t\t\t\t\t\t\t\t<a rel=\"noopener noreferrer nofollow\" href=\"https:\/\/pinterest.com\/pin\/create\/button\/?url=https:\/\/blumkaffee.com\/category\/home-barista\/&media=https:\/\/blumkaffee.com\/wp-content\/uploads\/2023\/12\/16-Espresso-schwenken.jpg&description=Espresso+Zubereitung+mit+der+Espresso+Siebtr%C3%A4germaschine%C2%A0\" target=\"_blank\" class=\" wd-social-icon social-pinterest\" aria-label=\"Pinterest social link\">\n\t\t\t\t\t\t<span class=\"wd-icon\"><\/span>\n\t\t\t\t\t\t\t\t\t\t\t<\/a>\n\t\t\t\t\n\t\t\t\t\n\t\t\t\t\t\t\t\t\t<a rel=\"noopener noreferrer nofollow\" href=\"https:\/\/www.linkedin.com\/shareArticle?mini=true&url=https:\/\/blumkaffee.com\/category\/home-barista\/\" target=\"_blank\" class=\" wd-social-icon social-linkedin\" aria-label=\"Linkedin social link\">\n\t\t\t\t\t\t<span class=\"wd-icon\"><\/span>\n\t\t\t\t\t\t\t\t\t\t\t<\/a>\n\t\t\t\t\n\t\t\t\t\n\t\t\t\t\n\t\t\t\t\n\t\t\t\t\n\t\t\t\t\n\t\t\t\t\n\t\t\t\t\n\t\t\t\t\n\t\t\t\t\n\t\t\t\t\n\t\t\t\t\n\t\t\t\t\n\t\t\t\t\n\t\t\t\t\n\t\t\t\t\n\t\t\t\t\t\t\t\t\t<a rel=\"noopener noreferrer nofollow\" href=\"https:\/\/telegram.me\/share\/url?url=https:\/\/blumkaffee.com\/category\/home-barista\/\" target=\"_blank\" class=\" wd-social-icon social-tg\" aria-label=\"Telegram social link\">\n\t\t\t\t\t\t<span class=\"wd-icon\"><\/span>\n\t\t\t\t\t\t\t\t\t\t\t<\/a>\n\t\t\t\t\n\t\t\t\t\n\t\t\t<\/div>\n\n\t\t\t\t\t\t\t\t\t<\/div>\n\t\t\t\t\t\t<\/div>\n\t\t\t\t\t<\/div>\n\t\t\t\t\t\t\t\n\t\t\t\t\t\t\t\t\t\t\t\t<div class=\"entry-content wd-post-desc\">\n\t\t\t\t\t\tWie gelingt die Espresso Zubereitung mit der Espresso Siebtr\u00e4germaschine zuhause?Du m\u00f6chtest zuhause geilen Espresso zubereiten, hast d...\t\t\t\t\t<\/div>\n\t\t\t\t\n\t\t\t\t\t\t\t\t\t\t\t\t\t\t<p class=\"read-more-section\">\n\t\t\t\t\t\t<a class=\"btn-read-more more-link\" href=\"https:\/\/blumkaffee.com\/espresso-zubereitung-espresso-siebtragermaschine\/\">Weiterlesen<\/a>\t\t\t\t\t<\/p>\n\t\t\t\t\t\t\t\t\t\t\t\t\t<\/div>\n\t<\/div>\n<\/article>\n\n\t\t\t\t\t\t\t\t\t\t\t\n<article id=\"post-22569\" class=\"wd-post blog-design-mask blog-post-loop blog-style-flat wd-col post-22569 post type-post status-publish format-standard has-post-thumbnail hentry category-gastronomie category-home-barista\">\n\t<div class=\"article-inner\">\n\t\t<header class=\"entry-header\">\n\t\t\t\t\t\t\t<figure class=\"entry-thumbnail\">\n\t\t\t\t\t\t\t\t\t\t\t<div class=\"post-img-wrapp\">\n\t\t\t\t\t\t\t<a href=\"https:\/\/blumkaffee.com\/espresso-tampen-technik-und-tools-die-zum-ziel-fuehren\/\">\n\t\t\t\t\t\t\t\t<img width=\"819\" height=\"1024\" src=\"https:\/\/blumkaffee.com\/wp-content\/themes\/woodmart\/images\/lazy.svg\" class=\"attachment-large size-large\" alt=\"Tampen\" decoding=\"async\" srcset=\"\" sizes=\"(max-width: 819px) 100vw, 819px\" data-src=\"https:\/\/blumkaffee.com\/wp-content\/uploads\/2023\/12\/16-PuckPrep-Siebtraeger-Tampen-1-819x1024.jpg\" data-srcset=\"https:\/\/blumkaffee.com\/wp-content\/uploads\/2023\/12\/16-PuckPrep-Siebtraeger-Tampen-1-819x1024.jpg 819w, https:\/\/blumkaffee.com\/wp-content\/uploads\/2023\/12\/16-PuckPrep-Siebtraeger-Tampen-1-240x300.jpg 240w, https:\/\/blumkaffee.com\/wp-content\/uploads\/2023\/12\/16-PuckPrep-Siebtraeger-Tampen-1-768x960.jpg 768w, https:\/\/blumkaffee.com\/wp-content\/uploads\/2023\/12\/16-PuckPrep-Siebtraeger-Tampen-1-1229x1536.jpg 1229w, https:\/\/blumkaffee.com\/wp-content\/uploads\/2023\/12\/16-PuckPrep-Siebtraeger-Tampen-1-860x1075.jpg 860w, https:\/\/blumkaffee.com\/wp-content\/uploads\/2023\/12\/16-PuckPrep-Siebtraeger-Tampen-1-430x538.jpg 430w, https:\/\/blumkaffee.com\/wp-content\/uploads\/2023\/12\/16-PuckPrep-Siebtraeger-Tampen-1-700x875.jpg 700w, https:\/\/blumkaffee.com\/wp-content\/uploads\/2023\/12\/16-PuckPrep-Siebtraeger-Tampen-1-150x188.jpg 150w, https:\/\/blumkaffee.com\/wp-content\/uploads\/2023\/12\/16-PuckPrep-Siebtraeger-Tampen-1.jpg 1638w\" \/>\t\t\t\t\t\t\t<\/a>\n\t\t\t\t\t\t<\/div>\n\t\t\t\t\t\t<div class=\"post-image-mask\">\n\t\t\t\t\t\t\t<span><\/span>\n\t\t\t\t\t\t<\/div>\n\t\t\t\t\t\t\t\t\t<\/figure>\n\t\t\t\n\t\t\t\t\t\t<div class=\"wd-post-date wd-style-with-bg\">\n\t\t\t\t<span class=\"post-date-day\">\n\t\t\t\t\t14\t\t\t\t<\/span>\n\t\t\t\t<span class=\"post-date-month\">\n\t\t\t\t\tDez.\t\t\t\t<\/span>\n\t\t\t<\/div>\n\t\t\t\t<\/header>\n\n\t\t<div class=\"article-body-container\">\n\t\t\t\t\t\t\t<div class=\"meta-categories-wrapp\">\n\t\t\t\t\t<div class=\"meta-post-categories wd-post-cat wd-style-with-bg\">\n\t\t\t\t\t\t<a href=\"https:\/\/blumkaffee.com\/category\/gastronomie\/\" rel=\"category tag\">Gastronomie<\/a>, <a href=\"https:\/\/blumkaffee.com\/category\/home-barista\/\" rel=\"category tag\">Home Barista<\/a>\t\t\t\t\t<\/div>\n\t\t\t\t<\/div>\n\t\t\t\n\t\t\t\t\t\t\t<h3 class=\"wd-entities-title title post-title\">\n\t\t\t\t\t<a href=\"https:\/\/blumkaffee.com\/espresso-tampen-technik-und-tools-die-zum-ziel-fuehren\/\" rel=\"bookmark\">Espresso Tampen \u2013 Technik und Tools die zum Ziel f\u00fchren<\/a>\n\t\t\t\t<\/h3>\n\t\t\t\n\t\t\t\t\t\t\t<div class=\"entry-meta wd-entry-meta\">\n\t\t\t\t\t\t\t\t<ul class=\"entry-meta-list\">\n\t\t\t\t\t\t\t\t\t<li class=\"modified-date\">\n\t\t\t\t\t\t\t\t<time class=\"updated\" datetime=\"2023-12-14T10:06:46+01:00\">\n\t\t\tDezember 14, 2023\t\t<\/time>\n\t\t\t\t\t\t\t<\/li>\n\n\t\t\t\t\t\n\t\t\t\t\t\t\t\t\t\t\t<li class=\"meta-author\">\n\t\t\t\t\t\t\t\t\t\t\t\t<span>Durch<\/span>\n\t\t\n\t\t\t\t\t<img alt='author-avatar' src=\"https:\/\/blumkaffee.com\/wp-content\/themes\/woodmart\/images\/lazy.svg\" data-src='https:\/\/secure.gravatar.com\/avatar\/5bfa769c865f582d3365725efaebb568b05fd97a2008df76157a93568b6209c6?s=32&#038;d=mm&#038;r=g' srcset=\"\" data-srcset='https:\/\/secure.gravatar.com\/avatar\/5bfa769c865f582d3365725efaebb568b05fd97a2008df76157a93568b6209c6?s=64&#038;d=mm&#038;r=g 2x' class='avatar avatar-32 photo' height='32' width='32' decoding='async'\/>\t\t\n\t\t<a href=\"https:\/\/blumkaffee.com\/author\/teamblumkaffee-ch\/\" class=\"author\" rel=\"author\">team@blumkaffee.ch<\/a>\n\t\t\t\t\t\t\t\t<\/li>\n\t\t\t\t\t\n\t\t\t\t\t\n\t\t\t\t\t\t\t\t\t\t\t<li class=\"meta-reply\">\n\t\t\t\t\t\t\t<a href=\"https:\/\/blumkaffee.com\/espresso-tampen-technik-und-tools-die-zum-ziel-fuehren\/#respond\"><span class=\"replies-count\">0<\/span> <span class=\"replies-count-label\">Bemerkungen<\/span><\/a>\t\t\t\t\t\t<\/li>\n\t\t\t\t\t\t\t\t\t\t\t\t<\/ul>\n\t\t\t\t\t\t<\/div>\n\t\t\t\t\t\t\t\t\t<div class=\"hovered-social-icons wd-tltp\">\n\t\t\t\t\t\t<div class=\"tooltip top\">\n\t\t\t\t\t\t\t<div class=\"tooltip-arrow\"><\/div>\n\t\t\t\t\t\t\t<div class=\"tooltip-inner\">\n\t\t\t\t\t\t\t\t\t\t\t<div id=\"\" class=\" wd-social-icons wd-style-default wd-size-small social-share wd-shape-circle color-scheme-light text-center\">\n\t\t\t\t\n\t\t\t\t\n\t\t\t\t\t\t\t\t\t<a rel=\"noopener noreferrer nofollow\" href=\"https:\/\/www.facebook.com\/sharer\/sharer.php?u=https:\/\/blumkaffee.com\/category\/home-barista\/\" target=\"_blank\" class=\" wd-social-icon social-facebook\" aria-label=\"Facebook social link\">\n\t\t\t\t\t\t<span class=\"wd-icon\"><\/span>\n\t\t\t\t\t\t\t\t\t\t\t<\/a>\n\t\t\t\t\n\t\t\t\t\t\t\t\t\t<a rel=\"noopener noreferrer nofollow\" href=\"https:\/\/x.com\/share?url=https:\/\/blumkaffee.com\/category\/home-barista\/\" target=\"_blank\" class=\" wd-social-icon social-twitter\" aria-label=\"X social link\">\n\t\t\t\t\t\t<span class=\"wd-icon\"><\/span>\n\t\t\t\t\t\t\t\t\t\t\t<\/a>\n\t\t\t\t\n\t\t\t\t\n\t\t\t\t\n\t\t\t\t\n\t\t\t\t\n\t\t\t\t\n\t\t\t\t\t\t\t\t\t<a rel=\"noopener noreferrer nofollow\" href=\"https:\/\/pinterest.com\/pin\/create\/button\/?url=https:\/\/blumkaffee.com\/category\/home-barista\/&media=https:\/\/blumkaffee.com\/wp-content\/uploads\/2023\/12\/16-PuckPrep-Siebtraeger-Tampen-1.jpg&description=Espresso+Tampen+%E2%80%93+Technik+und+Tools+die+zum+Ziel+f%C3%BChren\" target=\"_blank\" class=\" wd-social-icon social-pinterest\" aria-label=\"Pinterest social link\">\n\t\t\t\t\t\t<span class=\"wd-icon\"><\/span>\n\t\t\t\t\t\t\t\t\t\t\t<\/a>\n\t\t\t\t\n\t\t\t\t\n\t\t\t\t\t\t\t\t\t<a rel=\"noopener noreferrer nofollow\" href=\"https:\/\/www.linkedin.com\/shareArticle?mini=true&url=https:\/\/blumkaffee.com\/category\/home-barista\/\" target=\"_blank\" class=\" wd-social-icon social-linkedin\" aria-label=\"Linkedin social link\">\n\t\t\t\t\t\t<span class=\"wd-icon\"><\/span>\n\t\t\t\t\t\t\t\t\t\t\t<\/a>\n\t\t\t\t\n\t\t\t\t\n\t\t\t\t\n\t\t\t\t\n\t\t\t\t\n\t\t\t\t\n\t\t\t\t\n\t\t\t\t\n\t\t\t\t\n\t\t\t\t\n\t\t\t\t\n\t\t\t\t\n\t\t\t\t\n\t\t\t\t\n\t\t\t\t\n\t\t\t\t\n\t\t\t\t\t\t\t\t\t<a rel=\"noopener noreferrer nofollow\" href=\"https:\/\/telegram.me\/share\/url?url=https:\/\/blumkaffee.com\/category\/home-barista\/\" target=\"_blank\" class=\" wd-social-icon social-tg\" aria-label=\"Telegram social link\">\n\t\t\t\t\t\t<span class=\"wd-icon\"><\/span>\n\t\t\t\t\t\t\t\t\t\t\t<\/a>\n\t\t\t\t\n\t\t\t\t\n\t\t\t<\/div>\n\n\t\t\t\t\t\t\t\t\t<\/div>\n\t\t\t\t\t\t<\/div>\n\t\t\t\t\t<\/div>\n\t\t\t\t\t\t\t\n\t\t\t\t\t\t\t\t\t\t\t\t<div class=\"entry-content wd-post-desc\">\n\t\t\t\t\t\tEspresso Tampen \u2013 Technik und Tools die zum Ziel f\u00fchrenAls Barista ist der Espresso Tampen eine entscheidende Fertigkeit, um perfekte u...\t\t\t\t\t<\/div>\n\t\t\t\t\n\t\t\t\t\t\t\t\t\t\t\t\t\t\t<p class=\"read-more-section\">\n\t\t\t\t\t\t<a class=\"btn-read-more more-link\" href=\"https:\/\/blumkaffee.com\/espresso-tampen-technik-und-tools-die-zum-ziel-fuehren\/\">Weiterlesen<\/a>\t\t\t\t\t<\/p>\n\t\t\t\t\t\t\t\t\t\t\t\t\t<\/div>\n\t<\/div>\n<\/article>\n\n\t\t\t\t\t\t\t\t\t\t\t\n<article id=\"post-22551\" class=\"wd-post blog-design-mask blog-post-loop blog-style-flat wd-col post-22551 post type-post status-publish format-standard has-post-thumbnail hentry category-home-barista category-gastronomie\">\n\t<div class=\"article-inner\">\n\t\t<header class=\"entry-header\">\n\t\t\t\t\t\t\t<figure class=\"entry-thumbnail\">\n\t\t\t\t\t\t\t\t\t\t\t<div class=\"post-img-wrapp\">\n\t\t\t\t\t\t\t<a href=\"https:\/\/blumkaffee.com\/espresso-channeling-erkennen-und-verhindern\/\">\n\t\t\t\t\t\t\t\t<img width=\"836\" height=\"808\" src=\"https:\/\/blumkaffee.com\/wp-content\/themes\/woodmart\/images\/lazy.svg\" class=\"attachment-large size-large\" alt=\"channeling\" decoding=\"async\" srcset=\"\" sizes=\"(max-width: 836px) 100vw, 836px\" data-src=\"https:\/\/blumkaffee.com\/wp-content\/uploads\/2023\/12\/18-Onlinekurs-Bodenloser-Siebtraeger-1-1-1.png\" data-srcset=\"https:\/\/blumkaffee.com\/wp-content\/uploads\/2023\/12\/18-Onlinekurs-Bodenloser-Siebtraeger-1-1-1.png 836w, https:\/\/blumkaffee.com\/wp-content\/uploads\/2023\/12\/18-Onlinekurs-Bodenloser-Siebtraeger-1-1-1-300x290.png 300w, https:\/\/blumkaffee.com\/wp-content\/uploads\/2023\/12\/18-Onlinekurs-Bodenloser-Siebtraeger-1-1-1-768x742.png 768w, https:\/\/blumkaffee.com\/wp-content\/uploads\/2023\/12\/18-Onlinekurs-Bodenloser-Siebtraeger-1-1-1-430x416.png 430w, https:\/\/blumkaffee.com\/wp-content\/uploads\/2023\/12\/18-Onlinekurs-Bodenloser-Siebtraeger-1-1-1-700x677.png 700w, https:\/\/blumkaffee.com\/wp-content\/uploads\/2023\/12\/18-Onlinekurs-Bodenloser-Siebtraeger-1-1-1-150x145.png 150w\" \/>\t\t\t\t\t\t\t<\/a>\n\t\t\t\t\t\t<\/div>\n\t\t\t\t\t\t<div class=\"post-image-mask\">\n\t\t\t\t\t\t\t<span><\/span>\n\t\t\t\t\t\t<\/div>\n\t\t\t\t\t\t\t\t\t<\/figure>\n\t\t\t\n\t\t\t\t\t\t<div class=\"wd-post-date wd-style-with-bg\">\n\t\t\t\t<span class=\"post-date-day\">\n\t\t\t\t\t14\t\t\t\t<\/span>\n\t\t\t\t<span class=\"post-date-month\">\n\t\t\t\t\tDez.\t\t\t\t<\/span>\n\t\t\t<\/div>\n\t\t\t\t<\/header>\n\n\t\t<div class=\"article-body-container\">\n\t\t\t\t\t\t\t<div class=\"meta-categories-wrapp\">\n\t\t\t\t\t<div class=\"meta-post-categories wd-post-cat wd-style-with-bg\">\n\t\t\t\t\t\t<a href=\"https:\/\/blumkaffee.com\/category\/home-barista\/\" rel=\"category tag\">Home Barista<\/a>, <a href=\"https:\/\/blumkaffee.com\/category\/gastronomie\/\" rel=\"category tag\">Gastronomie<\/a>\t\t\t\t\t<\/div>\n\t\t\t\t<\/div>\n\t\t\t\n\t\t\t\t\t\t\t<h3 class=\"wd-entities-title title post-title\">\n\t\t\t\t\t<a href=\"https:\/\/blumkaffee.com\/espresso-channeling-erkennen-und-verhindern\/\" rel=\"bookmark\">Espresso Channeling erkennen und verhindern!<\/a>\n\t\t\t\t<\/h3>\n\t\t\t\n\t\t\t\t\t\t\t<div class=\"entry-meta wd-entry-meta\">\n\t\t\t\t\t\t\t\t<ul class=\"entry-meta-list\">\n\t\t\t\t\t\t\t\t\t<li class=\"modified-date\">\n\t\t\t\t\t\t\t\t<time class=\"updated\" datetime=\"2023-12-14T09:52:33+01:00\">\n\t\t\tDezember 14, 2023\t\t<\/time>\n\t\t\t\t\t\t\t<\/li>\n\n\t\t\t\t\t\n\t\t\t\t\t\t\t\t\t\t\t<li class=\"meta-author\">\n\t\t\t\t\t\t\t\t\t\t\t\t<span>Durch<\/span>\n\t\t\n\t\t\t\t\t<img alt='author-avatar' src=\"https:\/\/blumkaffee.com\/wp-content\/themes\/woodmart\/images\/lazy.svg\" data-src='https:\/\/secure.gravatar.com\/avatar\/5bfa769c865f582d3365725efaebb568b05fd97a2008df76157a93568b6209c6?s=32&#038;d=mm&#038;r=g' srcset=\"\" data-srcset='https:\/\/secure.gravatar.com\/avatar\/5bfa769c865f582d3365725efaebb568b05fd97a2008df76157a93568b6209c6?s=64&#038;d=mm&#038;r=g 2x' class='avatar avatar-32 photo' height='32' width='32' decoding='async'\/>\t\t\n\t\t<a href=\"https:\/\/blumkaffee.com\/author\/teamblumkaffee-ch\/\" class=\"author\" rel=\"author\">team@blumkaffee.ch<\/a>\n\t\t\t\t\t\t\t\t<\/li>\n\t\t\t\t\t\n\t\t\t\t\t\n\t\t\t\t\t\t\t\t\t\t\t<li class=\"meta-reply\">\n\t\t\t\t\t\t\t<a href=\"https:\/\/blumkaffee.com\/espresso-channeling-erkennen-und-verhindern\/#respond\"><span class=\"replies-count\">0<\/span> <span class=\"replies-count-label\">Bemerkungen<\/span><\/a>\t\t\t\t\t\t<\/li>\n\t\t\t\t\t\t\t\t\t\t\t\t<\/ul>\n\t\t\t\t\t\t<\/div>\n\t\t\t\t\t\t\t\t\t<div class=\"hovered-social-icons wd-tltp\">\n\t\t\t\t\t\t<div class=\"tooltip top\">\n\t\t\t\t\t\t\t<div class=\"tooltip-arrow\"><\/div>\n\t\t\t\t\t\t\t<div class=\"tooltip-inner\">\n\t\t\t\t\t\t\t\t\t\t\t<div id=\"\" class=\" wd-social-icons wd-style-default wd-size-small social-share wd-shape-circle color-scheme-light text-center\">\n\t\t\t\t\n\t\t\t\t\n\t\t\t\t\t\t\t\t\t<a rel=\"noopener noreferrer nofollow\" href=\"https:\/\/www.facebook.com\/sharer\/sharer.php?u=https:\/\/blumkaffee.com\/category\/home-barista\/\" target=\"_blank\" class=\" wd-social-icon social-facebook\" aria-label=\"Facebook social link\">\n\t\t\t\t\t\t<span class=\"wd-icon\"><\/span>\n\t\t\t\t\t\t\t\t\t\t\t<\/a>\n\t\t\t\t\n\t\t\t\t\t\t\t\t\t<a rel=\"noopener noreferrer nofollow\" href=\"https:\/\/x.com\/share?url=https:\/\/blumkaffee.com\/category\/home-barista\/\" target=\"_blank\" class=\" wd-social-icon social-twitter\" aria-label=\"X social link\">\n\t\t\t\t\t\t<span class=\"wd-icon\"><\/span>\n\t\t\t\t\t\t\t\t\t\t\t<\/a>\n\t\t\t\t\n\t\t\t\t\n\t\t\t\t\n\t\t\t\t\n\t\t\t\t\n\t\t\t\t\n\t\t\t\t\t\t\t\t\t<a rel=\"noopener noreferrer nofollow\" href=\"https:\/\/pinterest.com\/pin\/create\/button\/?url=https:\/\/blumkaffee.com\/category\/home-barista\/&media=https:\/\/blumkaffee.com\/wp-content\/uploads\/2023\/12\/18-Onlinekurs-Bodenloser-Siebtraeger-1-1-1.png&description=Espresso+Channeling+erkennen+und+verhindern%21\" target=\"_blank\" class=\" wd-social-icon social-pinterest\" aria-label=\"Pinterest social link\">\n\t\t\t\t\t\t<span class=\"wd-icon\"><\/span>\n\t\t\t\t\t\t\t\t\t\t\t<\/a>\n\t\t\t\t\n\t\t\t\t\n\t\t\t\t\t\t\t\t\t<a rel=\"noopener noreferrer nofollow\" href=\"https:\/\/www.linkedin.com\/shareArticle?mini=true&url=https:\/\/blumkaffee.com\/category\/home-barista\/\" target=\"_blank\" class=\" wd-social-icon social-linkedin\" aria-label=\"Linkedin social link\">\n\t\t\t\t\t\t<span class=\"wd-icon\"><\/span>\n\t\t\t\t\t\t\t\t\t\t\t<\/a>\n\t\t\t\t\n\t\t\t\t\n\t\t\t\t\n\t\t\t\t\n\t\t\t\t\n\t\t\t\t\n\t\t\t\t\n\t\t\t\t\n\t\t\t\t\n\t\t\t\t\n\t\t\t\t\n\t\t\t\t\n\t\t\t\t\n\t\t\t\t\n\t\t\t\t\n\t\t\t\t\n\t\t\t\t\t\t\t\t\t<a rel=\"noopener noreferrer nofollow\" href=\"https:\/\/telegram.me\/share\/url?url=https:\/\/blumkaffee.com\/category\/home-barista\/\" target=\"_blank\" class=\" wd-social-icon social-tg\" aria-label=\"Telegram social link\">\n\t\t\t\t\t\t<span class=\"wd-icon\"><\/span>\n\t\t\t\t\t\t\t\t\t\t\t<\/a>\n\t\t\t\t\n\t\t\t\t\n\t\t\t<\/div>\n\n\t\t\t\t\t\t\t\t\t<\/div>\n\t\t\t\t\t\t<\/div>\n\t\t\t\t\t<\/div>\n\t\t\t\t\t\t\t\n\t\t\t\t\t\t\t\t\t\t\t\t<div class=\"entry-content wd-post-desc\">\n\t\t\t\t\t\tEspresso Channeling erkennen und verhindern Wenn du gerne Espresso trinkst, kennst du das Problem sicherlich: Mal schmeckt dein Espress...\t\t\t\t\t<\/div>\n\t\t\t\t\n\t\t\t\t\t\t\t\t\t\t\t\t\t\t<p class=\"read-more-section\">\n\t\t\t\t\t\t<a class=\"btn-read-more more-link\" href=\"https:\/\/blumkaffee.com\/espresso-channeling-erkennen-und-verhindern\/\">Weiterlesen<\/a>\t\t\t\t\t<\/p>\n\t\t\t\t\t\t\t\t\t\t\t\t\t<\/div>\n\t<\/div>\n<\/article>\n\n\t\t\t\t\t\t\t\t\t\t\t\n<article id=\"post-22508\" class=\"wd-post blog-design-mask blog-post-loop blog-style-flat wd-col post-22508 post type-post status-publish format-standard has-post-thumbnail hentry category-rezepte category-home-barista\">\n\t<div class=\"article-inner\">\n\t\t<header class=\"entry-header\">\n\t\t\t\t\t\t\t<figure class=\"entry-thumbnail\">\n\t\t\t\t\t\t\t\t\t\t\t<div class=\"post-img-wrapp\">\n\t\t\t\t\t\t\t<a href=\"https:\/\/blumkaffee.com\/rezept-affogato-espresso-mit-vanilleglace\/\">\n\t\t\t\t\t\t\t\t<img width=\"683\" height=\"1024\" src=\"https:\/\/blumkaffee.com\/wp-content\/themes\/woodmart\/images\/lazy.svg\" class=\"attachment-large size-large\" alt=\"Affogato ice coffee recipe\" decoding=\"async\" srcset=\"\" sizes=\"(max-width: 683px) 100vw, 683px\" data-src=\"https:\/\/blumkaffee.com\/wp-content\/uploads\/2023\/12\/rich-gascho-AMMFbNolQKM-unsplash-1-683x1024.jpg\" data-srcset=\"https:\/\/blumkaffee.com\/wp-content\/uploads\/2023\/12\/rich-gascho-AMMFbNolQKM-unsplash-1-683x1024.jpg 683w, https:\/\/blumkaffee.com\/wp-content\/uploads\/2023\/12\/rich-gascho-AMMFbNolQKM-unsplash-1-200x300.jpg 200w, https:\/\/blumkaffee.com\/wp-content\/uploads\/2023\/12\/rich-gascho-AMMFbNolQKM-unsplash-1-768x1152.jpg 768w, https:\/\/blumkaffee.com\/wp-content\/uploads\/2023\/12\/rich-gascho-AMMFbNolQKM-unsplash-1-1024x1536.jpg 1024w, https:\/\/blumkaffee.com\/wp-content\/uploads\/2023\/12\/rich-gascho-AMMFbNolQKM-unsplash-1-1365x2048.jpg 1365w, https:\/\/blumkaffee.com\/wp-content\/uploads\/2023\/12\/rich-gascho-AMMFbNolQKM-unsplash-1-860x1290.jpg 860w, https:\/\/blumkaffee.com\/wp-content\/uploads\/2023\/12\/rich-gascho-AMMFbNolQKM-unsplash-1-720x1080.jpg 720w, https:\/\/blumkaffee.com\/wp-content\/uploads\/2023\/12\/rich-gascho-AMMFbNolQKM-unsplash-1-1440x2160.jpg 1440w, https:\/\/blumkaffee.com\/wp-content\/uploads\/2023\/12\/rich-gascho-AMMFbNolQKM-unsplash-1-430x645.jpg 430w, https:\/\/blumkaffee.com\/wp-content\/uploads\/2023\/12\/rich-gascho-AMMFbNolQKM-unsplash-1-700x1050.jpg 700w, https:\/\/blumkaffee.com\/wp-content\/uploads\/2023\/12\/rich-gascho-AMMFbNolQKM-unsplash-1-150x225.jpg 150w, https:\/\/blumkaffee.com\/wp-content\/uploads\/2023\/12\/rich-gascho-AMMFbNolQKM-unsplash-1-scaled.jpg 1707w\" \/>\t\t\t\t\t\t\t<\/a>\n\t\t\t\t\t\t<\/div>\n\t\t\t\t\t\t<div class=\"post-image-mask\">\n\t\t\t\t\t\t\t<span><\/span>\n\t\t\t\t\t\t<\/div>\n\t\t\t\t\t\t\t\t\t<\/figure>\n\t\t\t\n\t\t\t\t\t\t<div class=\"wd-post-date wd-style-with-bg\">\n\t\t\t\t<span class=\"post-date-day\">\n\t\t\t\t\t14\t\t\t\t<\/span>\n\t\t\t\t<span class=\"post-date-month\">\n\t\t\t\t\tDez.\t\t\t\t<\/span>\n\t\t\t<\/div>\n\t\t\t\t<\/header>\n\n\t\t<div class=\"article-body-container\">\n\t\t\t\t\t\t\t<div class=\"meta-categories-wrapp\">\n\t\t\t\t\t<div class=\"meta-post-categories wd-post-cat wd-style-with-bg\">\n\t\t\t\t\t\t<a href=\"https:\/\/blumkaffee.com\/category\/rezepte\/\" rel=\"category tag\">Rezepte<\/a>, <a href=\"https:\/\/blumkaffee.com\/category\/home-barista\/\" rel=\"category tag\">Home Barista<\/a>\t\t\t\t\t<\/div>\n\t\t\t\t<\/div>\n\t\t\t\n\t\t\t\t\t\t\t<h3 class=\"wd-entities-title title post-title\">\n\t\t\t\t\t<a href=\"https:\/\/blumkaffee.com\/rezept-affogato-espresso-mit-vanilleglace\/\" rel=\"bookmark\">Eiskaffee Rezept Affogato al Caff\u00e8, Espresso mit Vanilleglace<\/a>\n\t\t\t\t<\/h3>\n\t\t\t\n\t\t\t\t\t\t\t<div class=\"entry-meta wd-entry-meta\">\n\t\t\t\t\t\t\t\t<ul class=\"entry-meta-list\">\n\t\t\t\t\t\t\t\t\t<li class=\"modified-date\">\n\t\t\t\t\t\t\t\t<time class=\"updated\" datetime=\"2023-12-14T09:27:05+01:00\">\n\t\t\tDezember 14, 2023\t\t<\/time>\n\t\t\t\t\t\t\t<\/li>\n\n\t\t\t\t\t\n\t\t\t\t\t\t\t\t\t\t\t<li class=\"meta-author\">\n\t\t\t\t\t\t\t\t\t\t\t\t<span>Durch<\/span>\n\t\t\n\t\t\t\t\t<img alt='author-avatar' src=\"https:\/\/blumkaffee.com\/wp-content\/themes\/woodmart\/images\/lazy.svg\" data-src='https:\/\/secure.gravatar.com\/avatar\/5bfa769c865f582d3365725efaebb568b05fd97a2008df76157a93568b6209c6?s=32&#038;d=mm&#038;r=g' srcset=\"\" data-srcset='https:\/\/secure.gravatar.com\/avatar\/5bfa769c865f582d3365725efaebb568b05fd97a2008df76157a93568b6209c6?s=64&#038;d=mm&#038;r=g 2x' class='avatar avatar-32 photo' height='32' width='32' decoding='async'\/>\t\t\n\t\t<a href=\"https:\/\/blumkaffee.com\/author\/teamblumkaffee-ch\/\" class=\"author\" rel=\"author\">team@blumkaffee.ch<\/a>\n\t\t\t\t\t\t\t\t<\/li>\n\t\t\t\t\t\n\t\t\t\t\t\n\t\t\t\t\t\t\t\t\t\t\t<li class=\"meta-reply\">\n\t\t\t\t\t\t\t<a href=\"https:\/\/blumkaffee.com\/rezept-affogato-espresso-mit-vanilleglace\/#respond\"><span class=\"replies-count\">0<\/span> <span class=\"replies-count-label\">Bemerkungen<\/span><\/a>\t\t\t\t\t\t<\/li>\n\t\t\t\t\t\t\t\t\t\t\t\t<\/ul>\n\t\t\t\t\t\t<\/div>\n\t\t\t\t\t\t\t\t\t<div class=\"hovered-social-icons wd-tltp\">\n\t\t\t\t\t\t<div class=\"tooltip top\">\n\t\t\t\t\t\t\t<div class=\"tooltip-arrow\"><\/div>\n\t\t\t\t\t\t\t<div class=\"tooltip-inner\">\n\t\t\t\t\t\t\t\t\t\t\t<div id=\"\" class=\" wd-social-icons wd-style-default wd-size-small social-share wd-shape-circle color-scheme-light text-center\">\n\t\t\t\t\n\t\t\t\t\n\t\t\t\t\t\t\t\t\t<a rel=\"noopener noreferrer nofollow\" href=\"https:\/\/www.facebook.com\/sharer\/sharer.php?u=https:\/\/blumkaffee.com\/category\/home-barista\/\" target=\"_blank\" class=\" wd-social-icon social-facebook\" aria-label=\"Facebook social link\">\n\t\t\t\t\t\t<span class=\"wd-icon\"><\/span>\n\t\t\t\t\t\t\t\t\t\t\t<\/a>\n\t\t\t\t\n\t\t\t\t\t\t\t\t\t<a rel=\"noopener noreferrer nofollow\" href=\"https:\/\/x.com\/share?url=https:\/\/blumkaffee.com\/category\/home-barista\/\" target=\"_blank\" class=\" wd-social-icon social-twitter\" aria-label=\"X social link\">\n\t\t\t\t\t\t<span class=\"wd-icon\"><\/span>\n\t\t\t\t\t\t\t\t\t\t\t<\/a>\n\t\t\t\t\n\t\t\t\t\n\t\t\t\t\n\t\t\t\t\n\t\t\t\t\n\t\t\t\t\n\t\t\t\t\t\t\t\t\t<a rel=\"noopener noreferrer nofollow\" href=\"https:\/\/pinterest.com\/pin\/create\/button\/?url=https:\/\/blumkaffee.com\/category\/home-barista\/&media=https:\/\/blumkaffee.com\/wp-content\/uploads\/2023\/12\/rich-gascho-AMMFbNolQKM-unsplash-1-scaled.jpg&description=Eiskaffee+Rezept+Affogato+al+Caff%C3%A8%2C+Espresso+mit+Vanilleglace\" target=\"_blank\" class=\" wd-social-icon social-pinterest\" aria-label=\"Pinterest social link\">\n\t\t\t\t\t\t<span class=\"wd-icon\"><\/span>\n\t\t\t\t\t\t\t\t\t\t\t<\/a>\n\t\t\t\t\n\t\t\t\t\n\t\t\t\t\t\t\t\t\t<a rel=\"noopener noreferrer nofollow\" href=\"https:\/\/www.linkedin.com\/shareArticle?mini=true&url=https:\/\/blumkaffee.com\/category\/home-barista\/\" target=\"_blank\" class=\" wd-social-icon social-linkedin\" aria-label=\"Linkedin social link\">\n\t\t\t\t\t\t<span class=\"wd-icon\"><\/span>\n\t\t\t\t\t\t\t\t\t\t\t<\/a>\n\t\t\t\t\n\t\t\t\t\n\t\t\t\t\n\t\t\t\t\n\t\t\t\t\n\t\t\t\t\n\t\t\t\t\n\t\t\t\t\n\t\t\t\t\n\t\t\t\t\n\t\t\t\t\n\t\t\t\t\n\t\t\t\t\n\t\t\t\t\n\t\t\t\t\n\t\t\t\t\n\t\t\t\t\t\t\t\t\t<a rel=\"noopener noreferrer nofollow\" href=\"https:\/\/telegram.me\/share\/url?url=https:\/\/blumkaffee.com\/category\/home-barista\/\" target=\"_blank\" class=\" wd-social-icon social-tg\" aria-label=\"Telegram social link\">\n\t\t\t\t\t\t<span class=\"wd-icon\"><\/span>\n\t\t\t\t\t\t\t\t\t\t\t<\/a>\n\t\t\t\t\n\t\t\t\t\n\t\t\t<\/div>\n\n\t\t\t\t\t\t\t\t\t<\/div>\n\t\t\t\t\t\t<\/div>\n\t\t\t\t\t<\/div>\n\t\t\t\t\t\t\t\n\t\t\t\t\t\t\t\t\t\t\t\t<div class=\"entry-content wd-post-desc\">\n\t\t\t\t\t\tAffogato Rezept\t\t\n\t\t\t\t\t\t\t\t\t<\/div>\n\t\t\t\t\n\t\t\t\t\t\t\t\t\t\t\t\t\t\t<p class=\"read-more-section\">\n\t\t\t\t\t\t<a class=\"btn-read-more more-link\" href=\"https:\/\/blumkaffee.com\/rezept-affogato-espresso-mit-vanilleglace\/\">Weiterlesen<\/a>\t\t\t\t\t<\/p>\n\t\t\t\t\t\t\t\t\t\t\t\t\t<\/div>\n\t<\/div>\n<\/article>\n\n\t\t\t\t\t\t\t\t\t\t\t\n<article id=\"post-22472\" class=\"wd-post blog-design-mask blog-post-loop blog-style-flat wd-col post-22472 post type-post status-publish format-standard has-post-thumbnail hentry category-home-barista\">\n\t<div class=\"article-inner\">\n\t\t<header class=\"entry-header\">\n\t\t\t\t\t\t\t<figure class=\"entry-thumbnail\">\n\t\t\t\t\t\t\t\t\t\t\t<div class=\"post-img-wrapp\">\n\t\t\t\t\t\t\t<a href=\"https:\/\/blumkaffee.com\/einstieg-in-kaffeewelt-die-beste-kaffeezubereitung\/\">\n\t\t\t\t\t\t\t\t<img width=\"600\" height=\"600\" src=\"https:\/\/blumkaffee.com\/wp-content\/themes\/woodmart\/images\/lazy.svg\" class=\"attachment-large size-large\" alt=\"beste kaffeezubereitung\" decoding=\"async\" srcset=\"\" sizes=\"(max-width: 600px) 100vw, 600px\" data-src=\"https:\/\/blumkaffee.com\/wp-content\/uploads\/2023\/12\/18-FrenchPress-Produkte-Webshop.jpg\" data-srcset=\"https:\/\/blumkaffee.com\/wp-content\/uploads\/2023\/12\/18-FrenchPress-Produkte-Webshop.jpg 600w, https:\/\/blumkaffee.com\/wp-content\/uploads\/2023\/12\/18-FrenchPress-Produkte-Webshop-300x300.jpg 300w, https:\/\/blumkaffee.com\/wp-content\/uploads\/2023\/12\/18-FrenchPress-Produkte-Webshop-150x150.jpg 150w, https:\/\/blumkaffee.com\/wp-content\/uploads\/2023\/12\/18-FrenchPress-Produkte-Webshop-330x330.jpg 330w, https:\/\/blumkaffee.com\/wp-content\/uploads\/2023\/12\/18-FrenchPress-Produkte-Webshop-430x430.jpg 430w\" \/>\t\t\t\t\t\t\t<\/a>\n\t\t\t\t\t\t<\/div>\n\t\t\t\t\t\t<div class=\"post-image-mask\">\n\t\t\t\t\t\t\t<span><\/span>\n\t\t\t\t\t\t<\/div>\n\t\t\t\t\t\t\t\t\t<\/figure>\n\t\t\t\n\t\t\t\t\t\t<div class=\"wd-post-date wd-style-with-bg\">\n\t\t\t\t<span class=\"post-date-day\">\n\t\t\t\t\t14\t\t\t\t<\/span>\n\t\t\t\t<span class=\"post-date-month\">\n\t\t\t\t\tDez.\t\t\t\t<\/span>\n\t\t\t<\/div>\n\t\t\t\t<\/header>\n\n\t\t<div class=\"article-body-container\">\n\t\t\t\t\t\t\t<div class=\"meta-categories-wrapp\">\n\t\t\t\t\t<div class=\"meta-post-categories wd-post-cat wd-style-with-bg\">\n\t\t\t\t\t\t<a href=\"https:\/\/blumkaffee.com\/category\/home-barista\/\" rel=\"category tag\">Home Barista<\/a>\t\t\t\t\t<\/div>\n\t\t\t\t<\/div>\n\t\t\t\n\t\t\t\t\t\t\t<h3 class=\"wd-entities-title title post-title\">\n\t\t\t\t\t<a href=\"https:\/\/blumkaffee.com\/einstieg-in-kaffeewelt-die-beste-kaffeezubereitung\/\" rel=\"bookmark\">Einstieg in die Kaffeewelt: die beste Kaffeezubereitung \u2013 French Press<\/a>\n\t\t\t\t<\/h3>\n\t\t\t\n\t\t\t\t\t\t\t<div class=\"entry-meta wd-entry-meta\">\n\t\t\t\t\t\t\t\t<ul class=\"entry-meta-list\">\n\t\t\t\t\t\t\t\t\t<li class=\"modified-date\">\n\t\t\t\t\t\t\t\t<time class=\"updated\" datetime=\"2023-12-14T09:15:37+01:00\">\n\t\t\tDezember 14, 2023\t\t<\/time>\n\t\t\t\t\t\t\t<\/li>\n\n\t\t\t\t\t\n\t\t\t\t\t\t\t\t\t\t\t<li class=\"meta-author\">\n\t\t\t\t\t\t\t\t\t\t\t\t<span>Durch<\/span>\n\t\t\n\t\t\t\t\t<img alt='author-avatar' src=\"https:\/\/blumkaffee.com\/wp-content\/themes\/woodmart\/images\/lazy.svg\" data-src='https:\/\/secure.gravatar.com\/avatar\/5bfa769c865f582d3365725efaebb568b05fd97a2008df76157a93568b6209c6?s=32&#038;d=mm&#038;r=g' srcset=\"\" data-srcset='https:\/\/secure.gravatar.com\/avatar\/5bfa769c865f582d3365725efaebb568b05fd97a2008df76157a93568b6209c6?s=64&#038;d=mm&#038;r=g 2x' class='avatar avatar-32 photo' height='32' width='32' decoding='async'\/>\t\t\n\t\t<a href=\"https:\/\/blumkaffee.com\/author\/teamblumkaffee-ch\/\" class=\"author\" rel=\"author\">team@blumkaffee.ch<\/a>\n\t\t\t\t\t\t\t\t<\/li>\n\t\t\t\t\t\n\t\t\t\t\t\n\t\t\t\t\t\t\t\t\t\t\t<li class=\"meta-reply\">\n\t\t\t\t\t\t\t<a href=\"https:\/\/blumkaffee.com\/einstieg-in-kaffeewelt-die-beste-kaffeezubereitung\/#respond\"><span class=\"replies-count\">0<\/span> <span class=\"replies-count-label\">Bemerkungen<\/span><\/a>\t\t\t\t\t\t<\/li>\n\t\t\t\t\t\t\t\t\t\t\t\t<\/ul>\n\t\t\t\t\t\t<\/div>\n\t\t\t\t\t\t\t\t\t<div class=\"hovered-social-icons wd-tltp\">\n\t\t\t\t\t\t<div class=\"tooltip top\">\n\t\t\t\t\t\t\t<div class=\"tooltip-arrow\"><\/div>\n\t\t\t\t\t\t\t<div class=\"tooltip-inner\">\n\t\t\t\t\t\t\t\t\t\t\t<div id=\"\" class=\" wd-social-icons wd-style-default wd-size-small social-share wd-shape-circle color-scheme-light text-center\">\n\t\t\t\t\n\t\t\t\t\n\t\t\t\t\t\t\t\t\t<a rel=\"noopener noreferrer nofollow\" href=\"https:\/\/www.facebook.com\/sharer\/sharer.php?u=https:\/\/blumkaffee.com\/category\/home-barista\/\" target=\"_blank\" class=\" wd-social-icon social-facebook\" aria-label=\"Facebook social link\">\n\t\t\t\t\t\t<span class=\"wd-icon\"><\/span>\n\t\t\t\t\t\t\t\t\t\t\t<\/a>\n\t\t\t\t\n\t\t\t\t\t\t\t\t\t<a rel=\"noopener noreferrer nofollow\" href=\"https:\/\/x.com\/share?url=https:\/\/blumkaffee.com\/category\/home-barista\/\" target=\"_blank\" class=\" wd-social-icon social-twitter\" aria-label=\"X social link\">\n\t\t\t\t\t\t<span class=\"wd-icon\"><\/span>\n\t\t\t\t\t\t\t\t\t\t\t<\/a>\n\t\t\t\t\n\t\t\t\t\n\t\t\t\t\n\t\t\t\t\n\t\t\t\t\n\t\t\t\t\n\t\t\t\t\t\t\t\t\t<a rel=\"noopener noreferrer nofollow\" href=\"https:\/\/pinterest.com\/pin\/create\/button\/?url=https:\/\/blumkaffee.com\/category\/home-barista\/&media=https:\/\/blumkaffee.com\/wp-content\/uploads\/2023\/12\/18-FrenchPress-Produkte-Webshop.jpg&description=Einstieg+in+die+Kaffeewelt%3A+die+beste+Kaffeezubereitung+%E2%80%93+French+Press\" target=\"_blank\" class=\" wd-social-icon social-pinterest\" aria-label=\"Pinterest social link\">\n\t\t\t\t\t\t<span class=\"wd-icon\"><\/span>\n\t\t\t\t\t\t\t\t\t\t\t<\/a>\n\t\t\t\t\n\t\t\t\t\n\t\t\t\t\t\t\t\t\t<a rel=\"noopener noreferrer nofollow\" href=\"https:\/\/www.linkedin.com\/shareArticle?mini=true&url=https:\/\/blumkaffee.com\/category\/home-barista\/\" target=\"_blank\" class=\" wd-social-icon social-linkedin\" aria-label=\"Linkedin social link\">\n\t\t\t\t\t\t<span class=\"wd-icon\"><\/span>\n\t\t\t\t\t\t\t\t\t\t\t<\/a>\n\t\t\t\t\n\t\t\t\t\n\t\t\t\t\n\t\t\t\t\n\t\t\t\t\n\t\t\t\t\n\t\t\t\t\n\t\t\t\t\n\t\t\t\t\n\t\t\t\t\n\t\t\t\t\n\t\t\t\t\n\t\t\t\t\n\t\t\t\t\n\t\t\t\t\n\t\t\t\t\n\t\t\t\t\t\t\t\t\t<a rel=\"noopener noreferrer nofollow\" href=\"https:\/\/telegram.me\/share\/url?url=https:\/\/blumkaffee.com\/category\/home-barista\/\" target=\"_blank\" class=\" wd-social-icon social-tg\" aria-label=\"Telegram social link\">\n\t\t\t\t\t\t<span class=\"wd-icon\"><\/span>\n\t\t\t\t\t\t\t\t\t\t\t<\/a>\n\t\t\t\t\n\t\t\t\t\n\t\t\t<\/div>\n\n\t\t\t\t\t\t\t\t\t<\/div>\n\t\t\t\t\t\t<\/div>\n\t\t\t\t\t<\/div>\n\t\t\t\t\t\t\t\n\t\t\t\t\t\t\t\t\t\t\t\t<div class=\"entry-content wd-post-desc\">\n\t\t\t\t\t\tDie beste Kaffeezubereitung f\u00fcr den Einstieg in die Kaffeewelt - French PressBestimmt kennst du das\u2026  Du sitzt in einem tollen Caf\u00e9 und...\t\t\t\t\t<\/div>\n\t\t\t\t\n\t\t\t\t\t\t\t\t\t\t\t\t\t\t<p class=\"read-more-section\">\n\t\t\t\t\t\t<a class=\"btn-read-more more-link\" href=\"https:\/\/blumkaffee.com\/einstieg-in-kaffeewelt-die-beste-kaffeezubereitung\/\">Weiterlesen<\/a>\t\t\t\t\t<\/p>\n\t\t\t\t\t\t\t\t\t\t\t\t\t<\/div>\n\t<\/div>\n<\/article>\n\n\t\t\t\t\t\t\t\t\t\t\t\n<article id=\"post-22394\" class=\"wd-post blog-design-mask blog-post-loop blog-style-flat wd-col post-22394 post type-post status-publish format-standard has-post-thumbnail hentry category-gastronomie category-home-barista\">\n\t<div class=\"article-inner\">\n\t\t<header class=\"entry-header\">\n\t\t\t\t\t\t\t<figure class=\"entry-thumbnail\">\n\t\t\t\t\t\t\t\t\t\t\t<div class=\"post-img-wrapp\">\n\t\t\t\t\t\t\t<a href=\"https:\/\/blumkaffee.com\/die-schweizer-eigenart-der-cafe-creme\/\">\n\t\t\t\t\t\t\t\t<img width=\"1024\" height=\"576\" src=\"https:\/\/blumkaffee.com\/wp-content\/themes\/woodmart\/images\/lazy.svg\" class=\"attachment-large size-large\" alt=\"Caf\u00e9 Cr\u00e8me\" decoding=\"async\" srcset=\"\" sizes=\"(max-width: 1024px) 100vw, 1024px\" data-src=\"https:\/\/blumkaffee.com\/wp-content\/uploads\/2023\/12\/16-Americano-Kafi-Creme-Lichtspiel-1024x576.jpeg\" data-srcset=\"https:\/\/blumkaffee.com\/wp-content\/uploads\/2023\/12\/16-Americano-Kafi-Creme-Lichtspiel-1024x576.jpeg 1024w, https:\/\/blumkaffee.com\/wp-content\/uploads\/2023\/12\/16-Americano-Kafi-Creme-Lichtspiel-300x169.jpeg 300w, https:\/\/blumkaffee.com\/wp-content\/uploads\/2023\/12\/16-Americano-Kafi-Creme-Lichtspiel-768x432.jpeg 768w, https:\/\/blumkaffee.com\/wp-content\/uploads\/2023\/12\/16-Americano-Kafi-Creme-Lichtspiel-1536x864.jpeg 1536w, https:\/\/blumkaffee.com\/wp-content\/uploads\/2023\/12\/16-Americano-Kafi-Creme-Lichtspiel-2048x1152.jpeg 2048w, https:\/\/blumkaffee.com\/wp-content\/uploads\/2023\/12\/16-Americano-Kafi-Creme-Lichtspiel-860x484.jpeg 860w, https:\/\/blumkaffee.com\/wp-content\/uploads\/2023\/12\/16-Americano-Kafi-Creme-Lichtspiel-1080x608.jpeg 1080w, https:\/\/blumkaffee.com\/wp-content\/uploads\/2023\/12\/16-Americano-Kafi-Creme-Lichtspiel-430x242.jpeg 430w, https:\/\/blumkaffee.com\/wp-content\/uploads\/2023\/12\/16-Americano-Kafi-Creme-Lichtspiel-700x394.jpeg 700w, https:\/\/blumkaffee.com\/wp-content\/uploads\/2023\/12\/16-Americano-Kafi-Creme-Lichtspiel-150x84.jpeg 150w\" \/>\t\t\t\t\t\t\t<\/a>\n\t\t\t\t\t\t<\/div>\n\t\t\t\t\t\t<div class=\"post-image-mask\">\n\t\t\t\t\t\t\t<span><\/span>\n\t\t\t\t\t\t<\/div>\n\t\t\t\t\t\t\t\t\t<\/figure>\n\t\t\t\n\t\t\t\t\t\t<div class=\"wd-post-date wd-style-with-bg\">\n\t\t\t\t<span class=\"post-date-day\">\n\t\t\t\t\t14\t\t\t\t<\/span>\n\t\t\t\t<span class=\"post-date-month\">\n\t\t\t\t\tDez.\t\t\t\t<\/span>\n\t\t\t<\/div>\n\t\t\t\t<\/header>\n\n\t\t<div class=\"article-body-container\">\n\t\t\t\t\t\t\t<div class=\"meta-categories-wrapp\">\n\t\t\t\t\t<div class=\"meta-post-categories wd-post-cat wd-style-with-bg\">\n\t\t\t\t\t\t<a href=\"https:\/\/blumkaffee.com\/category\/gastronomie\/\" rel=\"category tag\">Gastronomie<\/a>, <a href=\"https:\/\/blumkaffee.com\/category\/home-barista\/\" rel=\"category tag\">Home Barista<\/a>\t\t\t\t\t<\/div>\n\t\t\t\t<\/div>\n\t\t\t\n\t\t\t\t\t\t\t<h3 class=\"wd-entities-title title post-title\">\n\t\t\t\t\t<a href=\"https:\/\/blumkaffee.com\/die-schweizer-eigenart-der-cafe-creme\/\" rel=\"bookmark\">Die Schweizer Eigenart \u2013 der Caf\u00e9 Cr\u00e8me<\/a>\n\t\t\t\t<\/h3>\n\t\t\t\n\t\t\t\t\t\t\t<div class=\"entry-meta wd-entry-meta\">\n\t\t\t\t\t\t\t\t<ul class=\"entry-meta-list\">\n\t\t\t\t\t\t\t\t\t<li class=\"modified-date\">\n\t\t\t\t\t\t\t\t<time class=\"updated\" datetime=\"2023-12-14T08:12:31+01:00\">\n\t\t\tDezember 14, 2023\t\t<\/time>\n\t\t\t\t\t\t\t<\/li>\n\n\t\t\t\t\t\n\t\t\t\t\t\t\t\t\t\t\t<li class=\"meta-author\">\n\t\t\t\t\t\t\t\t\t\t\t\t<span>Durch<\/span>\n\t\t\n\t\t\t\t\t<img alt='author-avatar' src=\"https:\/\/blumkaffee.com\/wp-content\/themes\/woodmart\/images\/lazy.svg\" data-src='https:\/\/secure.gravatar.com\/avatar\/5bfa769c865f582d3365725efaebb568b05fd97a2008df76157a93568b6209c6?s=32&#038;d=mm&#038;r=g' srcset=\"\" data-srcset='https:\/\/secure.gravatar.com\/avatar\/5bfa769c865f582d3365725efaebb568b05fd97a2008df76157a93568b6209c6?s=64&#038;d=mm&#038;r=g 2x' class='avatar avatar-32 photo' height='32' width='32' decoding='async'\/>\t\t\n\t\t<a href=\"https:\/\/blumkaffee.com\/author\/teamblumkaffee-ch\/\" class=\"author\" rel=\"author\">team@blumkaffee.ch<\/a>\n\t\t\t\t\t\t\t\t<\/li>\n\t\t\t\t\t\n\t\t\t\t\t\n\t\t\t\t\t\t\t\t\t\t\t<li class=\"meta-reply\">\n\t\t\t\t\t\t\t<a href=\"https:\/\/blumkaffee.com\/die-schweizer-eigenart-der-cafe-creme\/#respond\"><span class=\"replies-count\">0<\/span> <span class=\"replies-count-label\">Bemerkungen<\/span><\/a>\t\t\t\t\t\t<\/li>\n\t\t\t\t\t\t\t\t\t\t\t\t<\/ul>\n\t\t\t\t\t\t<\/div>\n\t\t\t\t\t\t\t\t\t<div class=\"hovered-social-icons wd-tltp\">\n\t\t\t\t\t\t<div class=\"tooltip top\">\n\t\t\t\t\t\t\t<div class=\"tooltip-arrow\"><\/div>\n\t\t\t\t\t\t\t<div class=\"tooltip-inner\">\n\t\t\t\t\t\t\t\t\t\t\t<div id=\"\" class=\" wd-social-icons wd-style-default wd-size-small social-share wd-shape-circle color-scheme-light text-center\">\n\t\t\t\t\n\t\t\t\t\n\t\t\t\t\t\t\t\t\t<a rel=\"noopener noreferrer nofollow\" href=\"https:\/\/www.facebook.com\/sharer\/sharer.php?u=https:\/\/blumkaffee.com\/category\/home-barista\/\" target=\"_blank\" class=\" wd-social-icon social-facebook\" aria-label=\"Facebook social link\">\n\t\t\t\t\t\t<span class=\"wd-icon\"><\/span>\n\t\t\t\t\t\t\t\t\t\t\t<\/a>\n\t\t\t\t\n\t\t\t\t\t\t\t\t\t<a rel=\"noopener noreferrer nofollow\" href=\"https:\/\/x.com\/share?url=https:\/\/blumkaffee.com\/category\/home-barista\/\" target=\"_blank\" class=\" wd-social-icon social-twitter\" aria-label=\"X social link\">\n\t\t\t\t\t\t<span class=\"wd-icon\"><\/span>\n\t\t\t\t\t\t\t\t\t\t\t<\/a>\n\t\t\t\t\n\t\t\t\t\n\t\t\t\t\n\t\t\t\t\n\t\t\t\t\n\t\t\t\t\n\t\t\t\t\t\t\t\t\t<a rel=\"noopener noreferrer nofollow\" href=\"https:\/\/pinterest.com\/pin\/create\/button\/?url=https:\/\/blumkaffee.com\/category\/home-barista\/&media=https:\/\/blumkaffee.com\/wp-content\/uploads\/2023\/12\/16-Americano-Kafi-Creme-Lichtspiel-scaled.jpeg&description=Die+Schweizer+Eigenart+%E2%80%93+der+Caf%C3%A9+Cr%C3%A8me\" target=\"_blank\" class=\" wd-social-icon social-pinterest\" aria-label=\"Pinterest social link\">\n\t\t\t\t\t\t<span class=\"wd-icon\"><\/span>\n\t\t\t\t\t\t\t\t\t\t\t<\/a>\n\t\t\t\t\n\t\t\t\t\n\t\t\t\t\t\t\t\t\t<a rel=\"noopener noreferrer nofollow\" href=\"https:\/\/www.linkedin.com\/shareArticle?mini=true&url=https:\/\/blumkaffee.com\/category\/home-barista\/\" target=\"_blank\" class=\" wd-social-icon social-linkedin\" aria-label=\"Linkedin social link\">\n\t\t\t\t\t\t<span class=\"wd-icon\"><\/span>\n\t\t\t\t\t\t\t\t\t\t\t<\/a>\n\t\t\t\t\n\t\t\t\t\n\t\t\t\t\n\t\t\t\t\n\t\t\t\t\n\t\t\t\t\n\t\t\t\t\n\t\t\t\t\n\t\t\t\t\n\t\t\t\t\n\t\t\t\t\n\t\t\t\t\n\t\t\t\t\n\t\t\t\t\n\t\t\t\t\n\t\t\t\t\n\t\t\t\t\t\t\t\t\t<a rel=\"noopener noreferrer nofollow\" href=\"https:\/\/telegram.me\/share\/url?url=https:\/\/blumkaffee.com\/category\/home-barista\/\" target=\"_blank\" class=\" wd-social-icon social-tg\" aria-label=\"Telegram social link\">\n\t\t\t\t\t\t<span class=\"wd-icon\"><\/span>\n\t\t\t\t\t\t\t\t\t\t\t<\/a>\n\t\t\t\t\n\t\t\t\t\n\t\t\t<\/div>\n\n\t\t\t\t\t\t\t\t\t<\/div>\n\t\t\t\t\t\t<\/div>\n\t\t\t\t\t<\/div>\n\t\t\t\t\t\t\t\n\t\t\t\t\t\t\t\t\t\t\t\t<div class=\"entry-content wd-post-desc\">\n\t\t\t\t\t\tDie Schweizer Eigenart \u2013 der Caf\u00e9 Cr\u00e8me \t\t\n\t\t\t\t\t\t\t\t\t\t\n\t\t\tWoher der Caf\u00e9 Cr\u00e8me kommt und was ihn vom traditionellen Espresso unterscheid...\t\t\t\t\t<\/div>\n\t\t\t\t\n\t\t\t\t\t\t\t\t\t\t\t\t\t\t<p class=\"read-more-section\">\n\t\t\t\t\t\t<a class=\"btn-read-more more-link\" href=\"https:\/\/blumkaffee.com\/die-schweizer-eigenart-der-cafe-creme\/\">Weiterlesen<\/a>\t\t\t\t\t<\/p>\n\t\t\t\t\t\t\t\t\t\t\t\t\t<\/div>\n\t<\/div>\n<\/article>\n\n\t\t\t\t\t\t\t\t\t\t\t\n<article id=\"post-22266\" class=\"wd-post blog-design-mask blog-post-loop blog-style-flat wd-col post-22266 post type-post status-publish format-standard has-post-thumbnail hentry category-home-barista\">\n\t<div class=\"article-inner\">\n\t\t<header class=\"entry-header\">\n\t\t\t\t\t\t\t<figure class=\"entry-thumbnail\">\n\t\t\t\t\t\t\t\t\t\t\t<div class=\"post-img-wrapp\">\n\t\t\t\t\t\t\t<a href=\"https:\/\/blumkaffee.com\/die-barista-tools-fuer-spitzen-espresso\/\">\n\t\t\t\t\t\t\t\t<img width=\"1024\" height=\"1024\" src=\"https:\/\/blumkaffee.com\/wp-content\/themes\/woodmart\/images\/lazy.svg\" class=\"attachment-large size-large\" alt=\"barista tools\" decoding=\"async\" srcset=\"\" sizes=\"(max-width: 1024px) 100vw, 1024px\" data-src=\"https:\/\/blumkaffee.com\/wp-content\/uploads\/2023\/12\/18-Produktbilder-Webshop-Massbecher-14-1024x1024.jpg\" data-srcset=\"https:\/\/blumkaffee.com\/wp-content\/uploads\/2023\/12\/18-Produktbilder-Webshop-Massbecher-14-1024x1024.jpg 1024w, https:\/\/blumkaffee.com\/wp-content\/uploads\/2023\/12\/18-Produktbilder-Webshop-Massbecher-14-300x300.jpg 300w, https:\/\/blumkaffee.com\/wp-content\/uploads\/2023\/12\/18-Produktbilder-Webshop-Massbecher-14-150x150.jpg 150w, https:\/\/blumkaffee.com\/wp-content\/uploads\/2023\/12\/18-Produktbilder-Webshop-Massbecher-14-768x768.jpg 768w, https:\/\/blumkaffee.com\/wp-content\/uploads\/2023\/12\/18-Produktbilder-Webshop-Massbecher-14-1536x1536.jpg 1536w, https:\/\/blumkaffee.com\/wp-content\/uploads\/2023\/12\/18-Produktbilder-Webshop-Massbecher-14-2048x2048.jpg 2048w, https:\/\/blumkaffee.com\/wp-content\/uploads\/2023\/12\/18-Produktbilder-Webshop-Massbecher-14-860x860.jpg 860w, https:\/\/blumkaffee.com\/wp-content\/uploads\/2023\/12\/18-Produktbilder-Webshop-Massbecher-14-330x330.jpg 330w, https:\/\/blumkaffee.com\/wp-content\/uploads\/2023\/12\/18-Produktbilder-Webshop-Massbecher-14-660x660.jpg 660w, https:\/\/blumkaffee.com\/wp-content\/uploads\/2023\/12\/18-Produktbilder-Webshop-Massbecher-14-1080x1080.jpg 1080w, https:\/\/blumkaffee.com\/wp-content\/uploads\/2023\/12\/18-Produktbilder-Webshop-Massbecher-14-430x430.jpg 430w, https:\/\/blumkaffee.com\/wp-content\/uploads\/2023\/12\/18-Produktbilder-Webshop-Massbecher-14-700x700.jpg 700w\" \/>\t\t\t\t\t\t\t<\/a>\n\t\t\t\t\t\t<\/div>\n\t\t\t\t\t\t<div class=\"post-image-mask\">\n\t\t\t\t\t\t\t<span><\/span>\n\t\t\t\t\t\t<\/div>\n\t\t\t\t\t\t\t\t\t<\/figure>\n\t\t\t\n\t\t\t\t\t\t<div class=\"wd-post-date wd-style-with-bg\">\n\t\t\t\t<span class=\"post-date-day\">\n\t\t\t\t\t13\t\t\t\t<\/span>\n\t\t\t\t<span class=\"post-date-month\">\n\t\t\t\t\tDez.\t\t\t\t<\/span>\n\t\t\t<\/div>\n\t\t\t\t<\/header>\n\n\t\t<div class=\"article-body-container\">\n\t\t\t\t\t\t\t<div class=\"meta-categories-wrapp\">\n\t\t\t\t\t<div class=\"meta-post-categories wd-post-cat wd-style-with-bg\">\n\t\t\t\t\t\t<a href=\"https:\/\/blumkaffee.com\/category\/home-barista\/\" rel=\"category tag\">Home Barista<\/a>\t\t\t\t\t<\/div>\n\t\t\t\t<\/div>\n\t\t\t\n\t\t\t\t\t\t\t<h3 class=\"wd-entities-title title post-title\">\n\t\t\t\t\t<a href=\"https:\/\/blumkaffee.com\/die-barista-tools-fuer-spitzen-espresso\/\" rel=\"bookmark\">Die Barista Tools, die du f\u00fcr Spitzen Espresso brauchst!\u00a0<\/a>\n\t\t\t\t<\/h3>\n\t\t\t\n\t\t\t\t\t\t\t<div class=\"entry-meta wd-entry-meta\">\n\t\t\t\t\t\t\t\t<ul class=\"entry-meta-list\">\n\t\t\t\t\t\t\t\t\t<li class=\"modified-date\">\n\t\t\t\t\t\t\t\t<time class=\"updated\" datetime=\"2023-12-14T07:44:54+01:00\">\n\t\t\tDezember 14, 2023\t\t<\/time>\n\t\t\t\t\t\t\t<\/li>\n\n\t\t\t\t\t\n\t\t\t\t\t\t\t\t\t\t\t<li class=\"meta-author\">\n\t\t\t\t\t\t\t\t\t\t\t\t<span>Durch<\/span>\n\t\t\n\t\t\t\t\t<img alt='author-avatar' src=\"https:\/\/blumkaffee.com\/wp-content\/themes\/woodmart\/images\/lazy.svg\" data-src='https:\/\/secure.gravatar.com\/avatar\/5bfa769c865f582d3365725efaebb568b05fd97a2008df76157a93568b6209c6?s=32&#038;d=mm&#038;r=g' srcset=\"\" data-srcset='https:\/\/secure.gravatar.com\/avatar\/5bfa769c865f582d3365725efaebb568b05fd97a2008df76157a93568b6209c6?s=64&#038;d=mm&#038;r=g 2x' class='avatar avatar-32 photo' height='32' width='32' decoding='async'\/>\t\t\n\t\t<a href=\"https:\/\/blumkaffee.com\/author\/teamblumkaffee-ch\/\" class=\"author\" rel=\"author\">team@blumkaffee.ch<\/a>\n\t\t\t\t\t\t\t\t<\/li>\n\t\t\t\t\t\n\t\t\t\t\t\n\t\t\t\t\t\t\t\t\t\t\t<li class=\"meta-reply\">\n\t\t\t\t\t\t\t<a href=\"https:\/\/blumkaffee.com\/die-barista-tools-fuer-spitzen-espresso\/#respond\"><span class=\"replies-count\">0<\/span> <span class=\"replies-count-label\">Bemerkungen<\/span><\/a>\t\t\t\t\t\t<\/li>\n\t\t\t\t\t\t\t\t\t\t\t\t<\/ul>\n\t\t\t\t\t\t<\/div>\n\t\t\t\t\t\t\t\t\t<div class=\"hovered-social-icons wd-tltp\">\n\t\t\t\t\t\t<div class=\"tooltip top\">\n\t\t\t\t\t\t\t<div class=\"tooltip-arrow\"><\/div>\n\t\t\t\t\t\t\t<div class=\"tooltip-inner\">\n\t\t\t\t\t\t\t\t\t\t\t<div id=\"\" class=\" wd-social-icons wd-style-default wd-size-small social-share wd-shape-circle color-scheme-light text-center\">\n\t\t\t\t\n\t\t\t\t\n\t\t\t\t\t\t\t\t\t<a rel=\"noopener noreferrer nofollow\" href=\"https:\/\/www.facebook.com\/sharer\/sharer.php?u=https:\/\/blumkaffee.com\/category\/home-barista\/\" target=\"_blank\" class=\" wd-social-icon social-facebook\" aria-label=\"Facebook social link\">\n\t\t\t\t\t\t<span class=\"wd-icon\"><\/span>\n\t\t\t\t\t\t\t\t\t\t\t<\/a>\n\t\t\t\t\n\t\t\t\t\t\t\t\t\t<a rel=\"noopener noreferrer nofollow\" href=\"https:\/\/x.com\/share?url=https:\/\/blumkaffee.com\/category\/home-barista\/\" target=\"_blank\" class=\" wd-social-icon social-twitter\" aria-label=\"X social link\">\n\t\t\t\t\t\t<span class=\"wd-icon\"><\/span>\n\t\t\t\t\t\t\t\t\t\t\t<\/a>\n\t\t\t\t\n\t\t\t\t\n\t\t\t\t\n\t\t\t\t\n\t\t\t\t\n\t\t\t\t\n\t\t\t\t\t\t\t\t\t<a rel=\"noopener noreferrer nofollow\" href=\"https:\/\/pinterest.com\/pin\/create\/button\/?url=https:\/\/blumkaffee.com\/category\/home-barista\/&media=https:\/\/blumkaffee.com\/wp-content\/uploads\/2023\/12\/18-Produktbilder-Webshop-Massbecher-14.jpg&description=Die+Barista+Tools%2C+die+du+f%C3%BCr+Spitzen+Espresso+brauchst%21%C2%A0\" target=\"_blank\" class=\" wd-social-icon social-pinterest\" aria-label=\"Pinterest social link\">\n\t\t\t\t\t\t<span class=\"wd-icon\"><\/span>\n\t\t\t\t\t\t\t\t\t\t\t<\/a>\n\t\t\t\t\n\t\t\t\t\n\t\t\t\t\t\t\t\t\t<a rel=\"noopener noreferrer nofollow\" href=\"https:\/\/www.linkedin.com\/shareArticle?mini=true&url=https:\/\/blumkaffee.com\/category\/home-barista\/\" target=\"_blank\" class=\" wd-social-icon social-linkedin\" aria-label=\"Linkedin social link\">\n\t\t\t\t\t\t<span class=\"wd-icon\"><\/span>\n\t\t\t\t\t\t\t\t\t\t\t<\/a>\n\t\t\t\t\n\t\t\t\t\n\t\t\t\t\n\t\t\t\t\n\t\t\t\t\n\t\t\t\t\n\t\t\t\t\n\t\t\t\t\n\t\t\t\t\n\t\t\t\t\n\t\t\t\t\n\t\t\t\t\n\t\t\t\t\n\t\t\t\t\n\t\t\t\t\n\t\t\t\t\n\t\t\t\t\t\t\t\t\t<a rel=\"noopener noreferrer nofollow\" href=\"https:\/\/telegram.me\/share\/url?url=https:\/\/blumkaffee.com\/category\/home-barista\/\" target=\"_blank\" class=\" wd-social-icon social-tg\" aria-label=\"Telegram social link\">\n\t\t\t\t\t\t<span class=\"wd-icon\"><\/span>\n\t\t\t\t\t\t\t\t\t\t\t<\/a>\n\t\t\t\t\n\t\t\t\t\n\t\t\t<\/div>\n\n\t\t\t\t\t\t\t\t\t<\/div>\n\t\t\t\t\t\t<\/div>\n\t\t\t\t\t<\/div>\n\t\t\t\t\t\t\t\n\t\t\t\t\t\t\t\t\t\t\t\t<div class=\"entry-content wd-post-desc\">\n\t\t\t\t\t\tWie du die perfekten Barista Tools f\u00fcr dich findestEs gibt unz\u00e4hlige Barista Tools auf dem Markt, die f\u00fcr eine Verbesserung der Extrakt...\t\t\t\t\t<\/div>\n\t\t\t\t\n\t\t\t\t\t\t\t\t\t\t\t\t\t\t<p class=\"read-more-section\">\n\t\t\t\t\t\t<a class=\"btn-read-more more-link\" href=\"https:\/\/blumkaffee.com\/die-barista-tools-fuer-spitzen-espresso\/\">Weiterlesen<\/a>\t\t\t\t\t<\/p>\n\t\t\t\t\t\t\t\t\t\t\t\t\t<\/div>\n\t<\/div>\n<\/article>\n\n\t\t\t\t\t\t\t\t\t\t\t\n<article id=\"post-22254\" class=\"wd-post blog-design-mask blog-post-loop blog-style-flat wd-col post-22254 post type-post status-publish format-standard has-post-thumbnail hentry category-gastronomie category-home-barista category-rezepte\">\n\t<div class=\"article-inner\">\n\t\t<header class=\"entry-header\">\n\t\t\t\t\t\t\t<figure class=\"entry-thumbnail\">\n\t\t\t\t\t\t\t\t\t\t\t<div class=\"post-img-wrapp\">\n\t\t\t\t\t\t\t<a href=\"https:\/\/blumkaffee.com\/der-kaffee-und-alles-was-du-noch-nicht-wusstest\/\">\n\t\t\t\t\t\t\t\t<img width=\"768\" height=\"1024\" src=\"https:\/\/blumkaffee.com\/wp-content\/themes\/woodmart\/images\/lazy.svg\" class=\"attachment-large size-large\" alt=\"Kaffee\" decoding=\"async\" srcset=\"\" sizes=\"(max-width: 768px) 100vw, 768px\" data-src=\"https:\/\/blumkaffee.com\/wp-content\/uploads\/2023\/12\/13-Cafe-regal-Menue-768x1024.jpeg\" data-srcset=\"https:\/\/blumkaffee.com\/wp-content\/uploads\/2023\/12\/13-Cafe-regal-Menue-768x1024.jpeg 768w, https:\/\/blumkaffee.com\/wp-content\/uploads\/2023\/12\/13-Cafe-regal-Menue-225x300.jpeg 225w, https:\/\/blumkaffee.com\/wp-content\/uploads\/2023\/12\/13-Cafe-regal-Menue-1152x1536.jpeg 1152w, https:\/\/blumkaffee.com\/wp-content\/uploads\/2023\/12\/13-Cafe-regal-Menue-1536x2048.jpeg 1536w, https:\/\/blumkaffee.com\/wp-content\/uploads\/2023\/12\/13-Cafe-regal-Menue-860x1147.jpeg 860w, https:\/\/blumkaffee.com\/wp-content\/uploads\/2023\/12\/13-Cafe-regal-Menue-430x573.jpeg 430w, https:\/\/blumkaffee.com\/wp-content\/uploads\/2023\/12\/13-Cafe-regal-Menue-700x933.jpeg 700w, https:\/\/blumkaffee.com\/wp-content\/uploads\/2023\/12\/13-Cafe-regal-Menue-150x200.jpeg 150w, https:\/\/blumkaffee.com\/wp-content\/uploads\/2023\/12\/13-Cafe-regal-Menue-scaled.jpeg 1920w\" \/>\t\t\t\t\t\t\t<\/a>\n\t\t\t\t\t\t<\/div>\n\t\t\t\t\t\t<div class=\"post-image-mask\">\n\t\t\t\t\t\t\t<span><\/span>\n\t\t\t\t\t\t<\/div>\n\t\t\t\t\t\t\t\t\t<\/figure>\n\t\t\t\n\t\t\t\t\t\t<div class=\"wd-post-date wd-style-with-bg\">\n\t\t\t\t<span class=\"post-date-day\">\n\t\t\t\t\t13\t\t\t\t<\/span>\n\t\t\t\t<span class=\"post-date-month\">\n\t\t\t\t\tDez.\t\t\t\t<\/span>\n\t\t\t<\/div>\n\t\t\t\t<\/header>\n\n\t\t<div class=\"article-body-container\">\n\t\t\t\t\t\t\t<div class=\"meta-categories-wrapp\">\n\t\t\t\t\t<div class=\"meta-post-categories wd-post-cat wd-style-with-bg\">\n\t\t\t\t\t\t<a href=\"https:\/\/blumkaffee.com\/category\/gastronomie\/\" rel=\"category tag\">Gastronomie<\/a>, <a href=\"https:\/\/blumkaffee.com\/category\/home-barista\/\" rel=\"category tag\">Home Barista<\/a>, <a href=\"https:\/\/blumkaffee.com\/category\/rezepte\/\" rel=\"category tag\">Rezepte<\/a>\t\t\t\t\t<\/div>\n\t\t\t\t<\/div>\n\t\t\t\n\t\t\t\t\t\t\t<h3 class=\"wd-entities-title title post-title\">\n\t\t\t\t\t<a href=\"https:\/\/blumkaffee.com\/der-kaffee-und-alles-was-du-noch-nicht-wusstest\/\" rel=\"bookmark\">Der Kaffee und alles was du \u00fcber ihn noch nicht wusstest!<\/a>\n\t\t\t\t<\/h3>\n\t\t\t\n\t\t\t\t\t\t\t<div class=\"entry-meta wd-entry-meta\">\n\t\t\t\t\t\t\t\t<ul class=\"entry-meta-list\">\n\t\t\t\t\t\t\t\t\t<li class=\"modified-date\">\n\t\t\t\t\t\t\t\t<time class=\"updated\" datetime=\"2023-12-14T08:07:55+01:00\">\n\t\t\tDezember 14, 2023\t\t<\/time>\n\t\t\t\t\t\t\t<\/li>\n\n\t\t\t\t\t\n\t\t\t\t\t\t\t\t\t\t\t<li class=\"meta-author\">\n\t\t\t\t\t\t\t\t\t\t\t\t<span>Durch<\/span>\n\t\t\n\t\t\t\t\t<img alt='author-avatar' src=\"https:\/\/blumkaffee.com\/wp-content\/themes\/woodmart\/images\/lazy.svg\" data-src='https:\/\/secure.gravatar.com\/avatar\/5bfa769c865f582d3365725efaebb568b05fd97a2008df76157a93568b6209c6?s=32&#038;d=mm&#038;r=g' srcset=\"\" data-srcset='https:\/\/secure.gravatar.com\/avatar\/5bfa769c865f582d3365725efaebb568b05fd97a2008df76157a93568b6209c6?s=64&#038;d=mm&#038;r=g 2x' class='avatar avatar-32 photo' height='32' width='32' decoding='async'\/>\t\t\n\t\t<a href=\"https:\/\/blumkaffee.com\/author\/teamblumkaffee-ch\/\" class=\"author\" rel=\"author\">team@blumkaffee.ch<\/a>\n\t\t\t\t\t\t\t\t<\/li>\n\t\t\t\t\t\n\t\t\t\t\t\n\t\t\t\t\t\t\t\t\t\t\t<li class=\"meta-reply\">\n\t\t\t\t\t\t\t<a href=\"https:\/\/blumkaffee.com\/der-kaffee-und-alles-was-du-noch-nicht-wusstest\/#respond\"><span class=\"replies-count\">0<\/span> <span class=\"replies-count-label\">Bemerkungen<\/span><\/a>\t\t\t\t\t\t<\/li>\n\t\t\t\t\t\t\t\t\t\t\t\t<\/ul>\n\t\t\t\t\t\t<\/div>\n\t\t\t\t\t\t\t\t\t<div class=\"hovered-social-icons wd-tltp\">\n\t\t\t\t\t\t<div class=\"tooltip top\">\n\t\t\t\t\t\t\t<div class=\"tooltip-arrow\"><\/div>\n\t\t\t\t\t\t\t<div class=\"tooltip-inner\">\n\t\t\t\t\t\t\t\t\t\t\t<div id=\"\" class=\" wd-social-icons wd-style-default wd-size-small social-share wd-shape-circle color-scheme-light text-center\">\n\t\t\t\t\n\t\t\t\t\n\t\t\t\t\t\t\t\t\t<a rel=\"noopener noreferrer nofollow\" href=\"https:\/\/www.facebook.com\/sharer\/sharer.php?u=https:\/\/blumkaffee.com\/category\/home-barista\/\" target=\"_blank\" class=\" wd-social-icon social-facebook\" aria-label=\"Facebook social link\">\n\t\t\t\t\t\t<span class=\"wd-icon\"><\/span>\n\t\t\t\t\t\t\t\t\t\t\t<\/a>\n\t\t\t\t\n\t\t\t\t\t\t\t\t\t<a rel=\"noopener noreferrer nofollow\" href=\"https:\/\/x.com\/share?url=https:\/\/blumkaffee.com\/category\/home-barista\/\" target=\"_blank\" class=\" wd-social-icon social-twitter\" aria-label=\"X social link\">\n\t\t\t\t\t\t<span class=\"wd-icon\"><\/span>\n\t\t\t\t\t\t\t\t\t\t\t<\/a>\n\t\t\t\t\n\t\t\t\t\n\t\t\t\t\n\t\t\t\t\n\t\t\t\t\n\t\t\t\t\n\t\t\t\t\t\t\t\t\t<a rel=\"noopener noreferrer nofollow\" href=\"https:\/\/pinterest.com\/pin\/create\/button\/?url=https:\/\/blumkaffee.com\/category\/home-barista\/&media=https:\/\/blumkaffee.com\/wp-content\/uploads\/2023\/12\/13-Cafe-regal-Menue-scaled.jpeg&description=Der+Kaffee+und+alles+was+du+%C3%BCber+ihn+noch+nicht+wusstest%21\" target=\"_blank\" class=\" wd-social-icon social-pinterest\" aria-label=\"Pinterest social link\">\n\t\t\t\t\t\t<span class=\"wd-icon\"><\/span>\n\t\t\t\t\t\t\t\t\t\t\t<\/a>\n\t\t\t\t\n\t\t\t\t\n\t\t\t\t\t\t\t\t\t<a rel=\"noopener noreferrer nofollow\" href=\"https:\/\/www.linkedin.com\/shareArticle?mini=true&url=https:\/\/blumkaffee.com\/category\/home-barista\/\" target=\"_blank\" class=\" wd-social-icon social-linkedin\" aria-label=\"Linkedin social link\">\n\t\t\t\t\t\t<span class=\"wd-icon\"><\/span>\n\t\t\t\t\t\t\t\t\t\t\t<\/a>\n\t\t\t\t\n\t\t\t\t\n\t\t\t\t\n\t\t\t\t\n\t\t\t\t\n\t\t\t\t\n\t\t\t\t\n\t\t\t\t\n\t\t\t\t\n\t\t\t\t\n\t\t\t\t\n\t\t\t\t\n\t\t\t\t\n\t\t\t\t\n\t\t\t\t\n\t\t\t\t\n\t\t\t\t\t\t\t\t\t<a rel=\"noopener noreferrer nofollow\" href=\"https:\/\/telegram.me\/share\/url?url=https:\/\/blumkaffee.com\/category\/home-barista\/\" target=\"_blank\" class=\" wd-social-icon social-tg\" aria-label=\"Telegram social link\">\n\t\t\t\t\t\t<span class=\"wd-icon\"><\/span>\n\t\t\t\t\t\t\t\t\t\t\t<\/a>\n\t\t\t\t\n\t\t\t\t\n\t\t\t<\/div>\n\n\t\t\t\t\t\t\t\t\t<\/div>\n\t\t\t\t\t\t<\/div>\n\t\t\t\t\t<\/div>\n\t\t\t\t\t\t\t\n\t\t\t\t\t\t\t\t\t\t\t\t<div class=\"entry-content wd-post-desc\">\n\t\t\t\t\t\tDie Herkunft von Kaffee\n\n\nKaffee kommt urspr\u00fcnglich aus dem Sudan und \u00c4thiopien und wurde entdeckt, als Ziegen eines Bauern Kaffeebohne...\t\t\t\t\t<\/div>\n\t\t\t\t\n\t\t\t\t\t\t\t\t\t\t\t\t\t\t<p class=\"read-more-section\">\n\t\t\t\t\t\t<a class=\"btn-read-more more-link\" href=\"https:\/\/blumkaffee.com\/der-kaffee-und-alles-was-du-noch-nicht-wusstest\/\">Weiterlesen<\/a>\t\t\t\t\t<\/p>\n\t\t\t\t\t\t\t\t\t\t\t\t\t<\/div>\n\t<\/div>\n<\/article>\n\n\t\t\t\t\t\t\t\t\t\t\t\n<article id=\"post-22240\" class=\"wd-post blog-design-mask blog-post-loop blog-style-flat wd-col post-22240 post type-post status-publish format-standard has-post-thumbnail hentry category-gastronomie category-home-barista\">\n\t<div class=\"article-inner\">\n\t\t<header class=\"entry-header\">\n\t\t\t\t\t\t\t<figure class=\"entry-thumbnail\">\n\t\t\t\t\t\t\t\t\t\t\t<div class=\"post-img-wrapp\">\n\t\t\t\t\t\t\t<a href=\"https:\/\/blumkaffee.com\/der-italienische-espresso-starkstrom-kaffeemischung\/\">\n\t\t\t\t\t\t\t\t<img width=\"819\" height=\"1024\" src=\"https:\/\/blumkaffee.com\/wp-content\/themes\/woodmart\/images\/lazy.svg\" class=\"attachment-large size-large\" alt=\"italienische Espresso\" decoding=\"async\" srcset=\"\" sizes=\"(max-width: 819px) 100vw, 819px\" data-src=\"https:\/\/blumkaffee.com\/wp-content\/uploads\/2023\/12\/12-15-Widnau-Roesten-Roesterei-Garage-Starkstrom-Abpackstation-23-819x1024.jpg\" data-srcset=\"https:\/\/blumkaffee.com\/wp-content\/uploads\/2023\/12\/12-15-Widnau-Roesten-Roesterei-Garage-Starkstrom-Abpackstation-23-819x1024.jpg 819w, https:\/\/blumkaffee.com\/wp-content\/uploads\/2023\/12\/12-15-Widnau-Roesten-Roesterei-Garage-Starkstrom-Abpackstation-23-240x300.jpg 240w, https:\/\/blumkaffee.com\/wp-content\/uploads\/2023\/12\/12-15-Widnau-Roesten-Roesterei-Garage-Starkstrom-Abpackstation-23-768x960.jpg 768w, https:\/\/blumkaffee.com\/wp-content\/uploads\/2023\/12\/12-15-Widnau-Roesten-Roesterei-Garage-Starkstrom-Abpackstation-23-1229x1536.jpg 1229w, https:\/\/blumkaffee.com\/wp-content\/uploads\/2023\/12\/12-15-Widnau-Roesten-Roesterei-Garage-Starkstrom-Abpackstation-23-860x1075.jpg 860w, https:\/\/blumkaffee.com\/wp-content\/uploads\/2023\/12\/12-15-Widnau-Roesten-Roesterei-Garage-Starkstrom-Abpackstation-23-430x538.jpg 430w, https:\/\/blumkaffee.com\/wp-content\/uploads\/2023\/12\/12-15-Widnau-Roesten-Roesterei-Garage-Starkstrom-Abpackstation-23-700x875.jpg 700w, https:\/\/blumkaffee.com\/wp-content\/uploads\/2023\/12\/12-15-Widnau-Roesten-Roesterei-Garage-Starkstrom-Abpackstation-23-150x188.jpg 150w, https:\/\/blumkaffee.com\/wp-content\/uploads\/2023\/12\/12-15-Widnau-Roesten-Roesterei-Garage-Starkstrom-Abpackstation-23.jpg 1638w\" \/>\t\t\t\t\t\t\t<\/a>\n\t\t\t\t\t\t<\/div>\n\t\t\t\t\t\t<div class=\"post-image-mask\">\n\t\t\t\t\t\t\t<span><\/span>\n\t\t\t\t\t\t<\/div>\n\t\t\t\t\t\t\t\t\t<\/figure>\n\t\t\t\n\t\t\t\t\t\t<div class=\"wd-post-date wd-style-with-bg\">\n\t\t\t\t<span class=\"post-date-day\">\n\t\t\t\t\t13\t\t\t\t<\/span>\n\t\t\t\t<span class=\"post-date-month\">\n\t\t\t\t\tDez.\t\t\t\t<\/span>\n\t\t\t<\/div>\n\t\t\t\t<\/header>\n\n\t\t<div class=\"article-body-container\">\n\t\t\t\t\t\t\t<div class=\"meta-categories-wrapp\">\n\t\t\t\t\t<div class=\"meta-post-categories wd-post-cat wd-style-with-bg\">\n\t\t\t\t\t\t<a href=\"https:\/\/blumkaffee.com\/category\/gastronomie\/\" rel=\"category tag\">Gastronomie<\/a>, <a href=\"https:\/\/blumkaffee.com\/category\/home-barista\/\" rel=\"category tag\">Home Barista<\/a>\t\t\t\t\t<\/div>\n\t\t\t\t<\/div>\n\t\t\t\n\t\t\t\t\t\t\t<h3 class=\"wd-entities-title title post-title\">\n\t\t\t\t\t<a href=\"https:\/\/blumkaffee.com\/der-italienische-espresso-starkstrom-kaffeemischung\/\" rel=\"bookmark\">Der italienische Espresso \u2013 Starkstrom Kaffeemischung<\/a>\n\t\t\t\t<\/h3>\n\t\t\t\n\t\t\t\t\t\t\t<div class=\"entry-meta wd-entry-meta\">\n\t\t\t\t\t\t\t\t<ul class=\"entry-meta-list\">\n\t\t\t\t\t\t\t\t\t<li class=\"modified-date\">\n\t\t\t\t\t\t\t\t<time class=\"updated\" datetime=\"2023-12-13T16:35:06+01:00\">\n\t\t\tDezember 13, 2023\t\t<\/time>\n\t\t\t\t\t\t\t<\/li>\n\n\t\t\t\t\t\n\t\t\t\t\t\t\t\t\t\t\t<li class=\"meta-author\">\n\t\t\t\t\t\t\t\t\t\t\t\t<span>Durch<\/span>\n\t\t\n\t\t\t\t\t<img alt='author-avatar' src=\"https:\/\/blumkaffee.com\/wp-content\/themes\/woodmart\/images\/lazy.svg\" data-src='https:\/\/secure.gravatar.com\/avatar\/5bfa769c865f582d3365725efaebb568b05fd97a2008df76157a93568b6209c6?s=32&#038;d=mm&#038;r=g' srcset=\"\" data-srcset='https:\/\/secure.gravatar.com\/avatar\/5bfa769c865f582d3365725efaebb568b05fd97a2008df76157a93568b6209c6?s=64&#038;d=mm&#038;r=g 2x' class='avatar avatar-32 photo' height='32' width='32' decoding='async'\/>\t\t\n\t\t<a href=\"https:\/\/blumkaffee.com\/author\/teamblumkaffee-ch\/\" class=\"author\" rel=\"author\">team@blumkaffee.ch<\/a>\n\t\t\t\t\t\t\t\t<\/li>\n\t\t\t\t\t\n\t\t\t\t\t\n\t\t\t\t\t\t\t\t\t\t\t<li class=\"meta-reply\">\n\t\t\t\t\t\t\t<a href=\"https:\/\/blumkaffee.com\/der-italienische-espresso-starkstrom-kaffeemischung\/#respond\"><span class=\"replies-count\">0<\/span> <span class=\"replies-count-label\">Bemerkungen<\/span><\/a>\t\t\t\t\t\t<\/li>\n\t\t\t\t\t\t\t\t\t\t\t\t<\/ul>\n\t\t\t\t\t\t<\/div>\n\t\t\t\t\t\t\t\t\t<div class=\"hovered-social-icons wd-tltp\">\n\t\t\t\t\t\t<div class=\"tooltip top\">\n\t\t\t\t\t\t\t<div class=\"tooltip-arrow\"><\/div>\n\t\t\t\t\t\t\t<div class=\"tooltip-inner\">\n\t\t\t\t\t\t\t\t\t\t\t<div id=\"\" class=\" wd-social-icons wd-style-default wd-size-small social-share wd-shape-circle color-scheme-light text-center\">\n\t\t\t\t\n\t\t\t\t\n\t\t\t\t\t\t\t\t\t<a rel=\"noopener noreferrer nofollow\" href=\"https:\/\/www.facebook.com\/sharer\/sharer.php?u=https:\/\/blumkaffee.com\/category\/home-barista\/\" target=\"_blank\" class=\" wd-social-icon social-facebook\" aria-label=\"Facebook social link\">\n\t\t\t\t\t\t<span class=\"wd-icon\"><\/span>\n\t\t\t\t\t\t\t\t\t\t\t<\/a>\n\t\t\t\t\n\t\t\t\t\t\t\t\t\t<a rel=\"noopener noreferrer nofollow\" href=\"https:\/\/x.com\/share?url=https:\/\/blumkaffee.com\/category\/home-barista\/\" target=\"_blank\" class=\" wd-social-icon social-twitter\" aria-label=\"X social link\">\n\t\t\t\t\t\t<span class=\"wd-icon\"><\/span>\n\t\t\t\t\t\t\t\t\t\t\t<\/a>\n\t\t\t\t\n\t\t\t\t\n\t\t\t\t\n\t\t\t\t\n\t\t\t\t\n\t\t\t\t\n\t\t\t\t\t\t\t\t\t<a rel=\"noopener noreferrer nofollow\" href=\"https:\/\/pinterest.com\/pin\/create\/button\/?url=https:\/\/blumkaffee.com\/category\/home-barista\/&media=https:\/\/blumkaffee.com\/wp-content\/uploads\/2023\/12\/12-15-Widnau-Roesten-Roesterei-Garage-Starkstrom-Abpackstation-23.jpg&description=Der+italienische+Espresso+%E2%80%93+Starkstrom+Kaffeemischung\" target=\"_blank\" class=\" wd-social-icon social-pinterest\" aria-label=\"Pinterest social link\">\n\t\t\t\t\t\t<span class=\"wd-icon\"><\/span>\n\t\t\t\t\t\t\t\t\t\t\t<\/a>\n\t\t\t\t\n\t\t\t\t\n\t\t\t\t\t\t\t\t\t<a rel=\"noopener noreferrer nofollow\" href=\"https:\/\/www.linkedin.com\/shareArticle?mini=true&url=https:\/\/blumkaffee.com\/category\/home-barista\/\" target=\"_blank\" class=\" wd-social-icon social-linkedin\" aria-label=\"Linkedin social link\">\n\t\t\t\t\t\t<span class=\"wd-icon\"><\/span>\n\t\t\t\t\t\t\t\t\t\t\t<\/a>\n\t\t\t\t\n\t\t\t\t\n\t\t\t\t\n\t\t\t\t\n\t\t\t\t\n\t\t\t\t\n\t\t\t\t\n\t\t\t\t\n\t\t\t\t\n\t\t\t\t\n\t\t\t\t\n\t\t\t\t\n\t\t\t\t\n\t\t\t\t\n\t\t\t\t\n\t\t\t\t\n\t\t\t\t\t\t\t\t\t<a rel=\"noopener noreferrer nofollow\" href=\"https:\/\/telegram.me\/share\/url?url=https:\/\/blumkaffee.com\/category\/home-barista\/\" target=\"_blank\" class=\" wd-social-icon social-tg\" aria-label=\"Telegram social link\">\n\t\t\t\t\t\t<span class=\"wd-icon\"><\/span>\n\t\t\t\t\t\t\t\t\t\t\t<\/a>\n\t\t\t\t\n\t\t\t\t\n\t\t\t<\/div>\n\n\t\t\t\t\t\t\t\t\t<\/div>\n\t\t\t\t\t\t<\/div>\n\t\t\t\t\t<\/div>\n\t\t\t\t\t\t\t\n\t\t\t\t\t\t\t\t\t\t\t\t<div class=\"entry-content wd-post-desc\">\n\t\t\t\t\t\tFebruar 2020 - der neue italienische Espresso In den vergangenen Wochen haben wir eure Inputs zu unseren Kaffees gesammelt und uns sehr...\t\t\t\t\t<\/div>\n\t\t\t\t\n\t\t\t\t\t\t\t\t\t\t\t\t\t\t<p class=\"read-more-section\">\n\t\t\t\t\t\t<a class=\"btn-read-more more-link\" href=\"https:\/\/blumkaffee.com\/der-italienische-espresso-starkstrom-kaffeemischung\/\">Weiterlesen<\/a>\t\t\t\t\t<\/p>\n\t\t\t\t\t\t\t\t\t\t\t\t\t<\/div>\n\t<\/div>\n<\/article>\n\n\t\t\t\t\t\t\t\t\t\t\t\n<article id=\"post-22197\" class=\"wd-post blog-design-mask blog-post-loop blog-style-flat wd-col post-22197 post type-post status-publish format-standard has-post-thumbnail hentry category-gastronomie category-home-barista category-rezepte\">\n\t<div class=\"article-inner\">\n\t\t<header class=\"entry-header\">\n\t\t\t\t\t\t\t<figure class=\"entry-thumbnail\">\n\t\t\t\t\t\t\t\t\t\t\t<div class=\"post-img-wrapp\">\n\t\t\t\t\t\t\t<a href=\"https:\/\/blumkaffee.com\/der-perfekte-pumpkin-spice-latte-psl\/\">\n\t\t\t\t\t\t\t\t<img width=\"768\" height=\"1024\" src=\"https:\/\/blumkaffee.com\/wp-content\/themes\/woodmart\/images\/lazy.svg\" class=\"attachment-large size-large\" alt=\"Pumpkin Spice Latte\" decoding=\"async\" srcset=\"\" sizes=\"(max-width: 768px) 100vw, 768px\" data-src=\"https:\/\/blumkaffee.com\/wp-content\/uploads\/2023\/12\/PSL-768x1024.jpg\" data-srcset=\"https:\/\/blumkaffee.com\/wp-content\/uploads\/2023\/12\/PSL-768x1024.jpg 768w, https:\/\/blumkaffee.com\/wp-content\/uploads\/2023\/12\/PSL-225x300.jpg 225w, https:\/\/blumkaffee.com\/wp-content\/uploads\/2023\/12\/PSL-1152x1536.jpg 1152w, https:\/\/blumkaffee.com\/wp-content\/uploads\/2023\/12\/PSL-1536x2048.jpg 1536w, https:\/\/blumkaffee.com\/wp-content\/uploads\/2023\/12\/PSL-860x1147.jpg 860w, https:\/\/blumkaffee.com\/wp-content\/uploads\/2023\/12\/PSL-430x573.jpg 430w, https:\/\/blumkaffee.com\/wp-content\/uploads\/2023\/12\/PSL-700x933.jpg 700w, https:\/\/blumkaffee.com\/wp-content\/uploads\/2023\/12\/PSL-150x200.jpg 150w, https:\/\/blumkaffee.com\/wp-content\/uploads\/2023\/12\/PSL-scaled.jpg 1920w\" \/>\t\t\t\t\t\t\t<\/a>\n\t\t\t\t\t\t<\/div>\n\t\t\t\t\t\t<div class=\"post-image-mask\">\n\t\t\t\t\t\t\t<span><\/span>\n\t\t\t\t\t\t<\/div>\n\t\t\t\t\t\t\t\t\t<\/figure>\n\t\t\t\n\t\t\t\t\t\t<div class=\"wd-post-date wd-style-with-bg\">\n\t\t\t\t<span class=\"post-date-day\">\n\t\t\t\t\t13\t\t\t\t<\/span>\n\t\t\t\t<span class=\"post-date-month\">\n\t\t\t\t\tDez.\t\t\t\t<\/span>\n\t\t\t<\/div>\n\t\t\t\t<\/header>\n\n\t\t<div class=\"article-body-container\">\n\t\t\t\t\t\t\t<div class=\"meta-categories-wrapp\">\n\t\t\t\t\t<div class=\"meta-post-categories wd-post-cat wd-style-with-bg\">\n\t\t\t\t\t\t<a href=\"https:\/\/blumkaffee.com\/category\/gastronomie\/\" rel=\"category tag\">Gastronomie<\/a>, <a href=\"https:\/\/blumkaffee.com\/category\/home-barista\/\" rel=\"category tag\">Home Barista<\/a>, <a href=\"https:\/\/blumkaffee.com\/category\/rezepte\/\" rel=\"category tag\">Rezepte<\/a>\t\t\t\t\t<\/div>\n\t\t\t\t<\/div>\n\t\t\t\n\t\t\t\t\t\t\t<h3 class=\"wd-entities-title title post-title\">\n\t\t\t\t\t<a href=\"https:\/\/blumkaffee.com\/der-perfekte-pumpkin-spice-latte-psl\/\" rel=\"bookmark\">Das leckerste Pumpkin Spice Latte (PSL) Rezept!<\/a>\n\t\t\t\t<\/h3>\n\t\t\t\n\t\t\t\t\t\t\t<div class=\"entry-meta wd-entry-meta\">\n\t\t\t\t\t\t\t\t<ul class=\"entry-meta-list\">\n\t\t\t\t\t\t\t\t\t<li class=\"modified-date\">\n\t\t\t\t\t\t\t\t<time class=\"updated\" datetime=\"2023-12-13T14:43:56+01:00\">\n\t\t\tDezember 13, 2023\t\t<\/time>\n\t\t\t\t\t\t\t<\/li>\n\n\t\t\t\t\t\n\t\t\t\t\t\t\t\t\t\t\t<li class=\"meta-author\">\n\t\t\t\t\t\t\t\t\t\t\t\t<span>Durch<\/span>\n\t\t\n\t\t\t\t\t<img alt='author-avatar' src=\"https:\/\/blumkaffee.com\/wp-content\/themes\/woodmart\/images\/lazy.svg\" data-src='https:\/\/secure.gravatar.com\/avatar\/5bfa769c865f582d3365725efaebb568b05fd97a2008df76157a93568b6209c6?s=32&#038;d=mm&#038;r=g' srcset=\"\" data-srcset='https:\/\/secure.gravatar.com\/avatar\/5bfa769c865f582d3365725efaebb568b05fd97a2008df76157a93568b6209c6?s=64&#038;d=mm&#038;r=g 2x' class='avatar avatar-32 photo' height='32' width='32' decoding='async'\/>\t\t\n\t\t<a href=\"https:\/\/blumkaffee.com\/author\/teamblumkaffee-ch\/\" class=\"author\" rel=\"author\">team@blumkaffee.ch<\/a>\n\t\t\t\t\t\t\t\t<\/li>\n\t\t\t\t\t\n\t\t\t\t\t\n\t\t\t\t\t\t\t\t\t\t\t<li class=\"meta-reply\">\n\t\t\t\t\t\t\t<a href=\"https:\/\/blumkaffee.com\/der-perfekte-pumpkin-spice-latte-psl\/#respond\"><span class=\"replies-count\">0<\/span> <span class=\"replies-count-label\">Bemerkungen<\/span><\/a>\t\t\t\t\t\t<\/li>\n\t\t\t\t\t\t\t\t\t\t\t\t<\/ul>\n\t\t\t\t\t\t<\/div>\n\t\t\t\t\t\t\t\t\t<div class=\"hovered-social-icons wd-tltp\">\n\t\t\t\t\t\t<div class=\"tooltip top\">\n\t\t\t\t\t\t\t<div class=\"tooltip-arrow\"><\/div>\n\t\t\t\t\t\t\t<div class=\"tooltip-inner\">\n\t\t\t\t\t\t\t\t\t\t\t<div id=\"\" class=\" wd-social-icons wd-style-default wd-size-small social-share wd-shape-circle color-scheme-light text-center\">\n\t\t\t\t\n\t\t\t\t\n\t\t\t\t\t\t\t\t\t<a rel=\"noopener noreferrer nofollow\" href=\"https:\/\/www.facebook.com\/sharer\/sharer.php?u=https:\/\/blumkaffee.com\/category\/home-barista\/\" target=\"_blank\" class=\" wd-social-icon social-facebook\" aria-label=\"Facebook social link\">\n\t\t\t\t\t\t<span class=\"wd-icon\"><\/span>\n\t\t\t\t\t\t\t\t\t\t\t<\/a>\n\t\t\t\t\n\t\t\t\t\t\t\t\t\t<a rel=\"noopener noreferrer nofollow\" href=\"https:\/\/x.com\/share?url=https:\/\/blumkaffee.com\/category\/home-barista\/\" target=\"_blank\" class=\" wd-social-icon social-twitter\" aria-label=\"X social link\">\n\t\t\t\t\t\t<span class=\"wd-icon\"><\/span>\n\t\t\t\t\t\t\t\t\t\t\t<\/a>\n\t\t\t\t\n\t\t\t\t\n\t\t\t\t\n\t\t\t\t\n\t\t\t\t\n\t\t\t\t\n\t\t\t\t\t\t\t\t\t<a rel=\"noopener noreferrer nofollow\" href=\"https:\/\/pinterest.com\/pin\/create\/button\/?url=https:\/\/blumkaffee.com\/category\/home-barista\/&media=https:\/\/blumkaffee.com\/wp-content\/uploads\/2023\/12\/PSL-scaled.jpg&description=Das+leckerste+Pumpkin+Spice+Latte+%28PSL%29+Rezept%21\" target=\"_blank\" class=\" wd-social-icon social-pinterest\" aria-label=\"Pinterest social link\">\n\t\t\t\t\t\t<span class=\"wd-icon\"><\/span>\n\t\t\t\t\t\t\t\t\t\t\t<\/a>\n\t\t\t\t\n\t\t\t\t\n\t\t\t\t\t\t\t\t\t<a rel=\"noopener noreferrer nofollow\" href=\"https:\/\/www.linkedin.com\/shareArticle?mini=true&url=https:\/\/blumkaffee.com\/category\/home-barista\/\" target=\"_blank\" class=\" wd-social-icon social-linkedin\" aria-label=\"Linkedin social link\">\n\t\t\t\t\t\t<span class=\"wd-icon\"><\/span>\n\t\t\t\t\t\t\t\t\t\t\t<\/a>\n\t\t\t\t\n\t\t\t\t\n\t\t\t\t\n\t\t\t\t\n\t\t\t\t\n\t\t\t\t\n\t\t\t\t\n\t\t\t\t\n\t\t\t\t\n\t\t\t\t\n\t\t\t\t\n\t\t\t\t\n\t\t\t\t\n\t\t\t\t\n\t\t\t\t\n\t\t\t\t\n\t\t\t\t\t\t\t\t\t<a rel=\"noopener noreferrer nofollow\" href=\"https:\/\/telegram.me\/share\/url?url=https:\/\/blumkaffee.com\/category\/home-barista\/\" target=\"_blank\" class=\" wd-social-icon social-tg\" aria-label=\"Telegram social link\">\n\t\t\t\t\t\t<span class=\"wd-icon\"><\/span>\n\t\t\t\t\t\t\t\t\t\t\t<\/a>\n\t\t\t\t\n\t\t\t\t\n\t\t\t<\/div>\n\n\t\t\t\t\t\t\t\t\t<\/div>\n\t\t\t\t\t\t<\/div>\n\t\t\t\t\t<\/div>\n\t\t\t\t\t\t\t\n\t\t\t\t\t\t\t\t\t\t\t\t<div class=\"entry-content wd-post-desc\">\n\t\t\t\t\t\tDas beliebte Herbstgetr\u00e4nk - der Pumpkin Spice Latte!\nJeden Herbst auf's Neue, feiert der Pumpkin Spice Latte (kurz: PSL) seine Saison ...\t\t\t\t\t<\/div>\n\t\t\t\t\n\t\t\t\t\t\t\t\t\t\t\t\t\t\t<p class=\"read-more-section\">\n\t\t\t\t\t\t<a class=\"btn-read-more more-link\" href=\"https:\/\/blumkaffee.com\/der-perfekte-pumpkin-spice-latte-psl\/\">Weiterlesen<\/a>\t\t\t\t\t<\/p>\n\t\t\t\t\t\t\t\t\t\t\t\t\t<\/div>\n\t<\/div>\n<\/article>\n\n\t\t\t\t\t\n\t\t\t\t\t","status":"have-posts","nextPage":"https:\/\/blumkaffee.com\/category\/home-barista\/page\/3\/?woo_ajax=1","currentPage":"https:\/\/blumkaffee.com\/category\/home-barista\/page\/2"}