
			
				

					
				

			
		{"items":"\n\t\t\t\t\t\t\t\t\t\t\t\n<article id=\"post-22394\" class=\"wd-post blog-design-mask blog-post-loop blog-style-flat wd-col post-22394 post type-post status-publish format-standard has-post-thumbnail hentry category-gastronomie category-home-barista\">\n\t<div class=\"article-inner\">\n\t\t<header class=\"entry-header\">\n\t\t\t\t\t\t\t<figure class=\"entry-thumbnail\">\n\t\t\t\t\t\t\t\t\t\t\t<div class=\"post-img-wrapp\">\n\t\t\t\t\t\t\t<a href=\"https:\/\/blumkaffee.com\/die-schweizer-eigenart-der-cafe-creme\/\">\n\t\t\t\t\t\t\t\t<img width=\"1024\" height=\"576\" src=\"https:\/\/blumkaffee.com\/wp-content\/themes\/woodmart\/images\/lazy.svg\" class=\"attachment-large size-large\" alt=\"Caf\u00e9 Cr\u00e8me\" decoding=\"async\" srcset=\"\" sizes=\"(max-width: 1024px) 100vw, 1024px\" data-src=\"https:\/\/blumkaffee.com\/wp-content\/uploads\/2023\/12\/16-Americano-Kafi-Creme-Lichtspiel-1024x576.jpeg\" data-srcset=\"https:\/\/blumkaffee.com\/wp-content\/uploads\/2023\/12\/16-Americano-Kafi-Creme-Lichtspiel-1024x576.jpeg 1024w, https:\/\/blumkaffee.com\/wp-content\/uploads\/2023\/12\/16-Americano-Kafi-Creme-Lichtspiel-300x169.jpeg 300w, https:\/\/blumkaffee.com\/wp-content\/uploads\/2023\/12\/16-Americano-Kafi-Creme-Lichtspiel-768x432.jpeg 768w, https:\/\/blumkaffee.com\/wp-content\/uploads\/2023\/12\/16-Americano-Kafi-Creme-Lichtspiel-1536x864.jpeg 1536w, https:\/\/blumkaffee.com\/wp-content\/uploads\/2023\/12\/16-Americano-Kafi-Creme-Lichtspiel-2048x1152.jpeg 2048w, https:\/\/blumkaffee.com\/wp-content\/uploads\/2023\/12\/16-Americano-Kafi-Creme-Lichtspiel-860x484.jpeg 860w, https:\/\/blumkaffee.com\/wp-content\/uploads\/2023\/12\/16-Americano-Kafi-Creme-Lichtspiel-1080x608.jpeg 1080w, https:\/\/blumkaffee.com\/wp-content\/uploads\/2023\/12\/16-Americano-Kafi-Creme-Lichtspiel-430x242.jpeg 430w, https:\/\/blumkaffee.com\/wp-content\/uploads\/2023\/12\/16-Americano-Kafi-Creme-Lichtspiel-700x394.jpeg 700w, https:\/\/blumkaffee.com\/wp-content\/uploads\/2023\/12\/16-Americano-Kafi-Creme-Lichtspiel-150x84.jpeg 150w\" \/>\t\t\t\t\t\t\t<\/a>\n\t\t\t\t\t\t<\/div>\n\t\t\t\t\t\t<div class=\"post-image-mask\">\n\t\t\t\t\t\t\t<span><\/span>\n\t\t\t\t\t\t<\/div>\n\t\t\t\t\t\t\t\t\t<\/figure>\n\t\t\t\n\t\t\t\t\t\t<div class=\"wd-post-date wd-style-with-bg\">\n\t\t\t\t<span class=\"post-date-day\">\n\t\t\t\t\t14\t\t\t\t<\/span>\n\t\t\t\t<span class=\"post-date-month\">\n\t\t\t\t\tDez.\t\t\t\t<\/span>\n\t\t\t<\/div>\n\t\t\t\t<\/header>\n\n\t\t<div class=\"article-body-container\">\n\t\t\t\t\t\t\t<div class=\"meta-categories-wrapp\">\n\t\t\t\t\t<div class=\"meta-post-categories wd-post-cat wd-style-with-bg\">\n\t\t\t\t\t\t<a href=\"https:\/\/blumkaffee.com\/category\/gastronomie\/\" rel=\"category tag\">Gastronomie<\/a>, <a href=\"https:\/\/blumkaffee.com\/category\/home-barista\/\" rel=\"category tag\">Home Barista<\/a>\t\t\t\t\t<\/div>\n\t\t\t\t<\/div>\n\t\t\t\n\t\t\t\t\t\t\t<h3 class=\"wd-entities-title title post-title\">\n\t\t\t\t\t<a href=\"https:\/\/blumkaffee.com\/die-schweizer-eigenart-der-cafe-creme\/\" rel=\"bookmark\">Die Schweizer Eigenart \u2013 der Caf\u00e9 Cr\u00e8me<\/a>\n\t\t\t\t<\/h3>\n\t\t\t\n\t\t\t\t\t\t\t<div class=\"entry-meta wd-entry-meta\">\n\t\t\t\t\t\t\t\t<ul class=\"entry-meta-list\">\n\t\t\t\t\t\t\t\t\t<li class=\"modified-date\">\n\t\t\t\t\t\t\t\t<time class=\"updated\" datetime=\"2023-12-14T08:12:31+01:00\">\n\t\t\tDezember 14, 2023\t\t<\/time>\n\t\t\t\t\t\t\t<\/li>\n\n\t\t\t\t\t\n\t\t\t\t\t\t\t\t\t\t\t<li class=\"meta-author\">\n\t\t\t\t\t\t\t\t\t\t\t\t<span>Durch<\/span>\n\t\t\n\t\t\t\t\t<img alt='author-avatar' src=\"https:\/\/blumkaffee.com\/wp-content\/themes\/woodmart\/images\/lazy.svg\" data-src='https:\/\/secure.gravatar.com\/avatar\/5bfa769c865f582d3365725efaebb568b05fd97a2008df76157a93568b6209c6?s=32&#038;d=mm&#038;r=g' srcset=\"\" data-srcset='https:\/\/secure.gravatar.com\/avatar\/5bfa769c865f582d3365725efaebb568b05fd97a2008df76157a93568b6209c6?s=64&#038;d=mm&#038;r=g 2x' class='avatar avatar-32 photo' height='32' width='32' decoding='async'\/>\t\t\n\t\t<a href=\"https:\/\/blumkaffee.com\/author\/teamblumkaffee-ch\/\" class=\"author\" rel=\"author\">team@blumkaffee.ch<\/a>\n\t\t\t\t\t\t\t\t<\/li>\n\t\t\t\t\t\n\t\t\t\t\t\n\t\t\t\t\t\t\t\t\t\t\t<li class=\"meta-reply\">\n\t\t\t\t\t\t\t<a href=\"https:\/\/blumkaffee.com\/die-schweizer-eigenart-der-cafe-creme\/#respond\"><span class=\"replies-count\">0<\/span> <span class=\"replies-count-label\">Bemerkungen<\/span><\/a>\t\t\t\t\t\t<\/li>\n\t\t\t\t\t\t\t\t\t\t\t\t<\/ul>\n\t\t\t\t\t\t<\/div>\n\t\t\t\t\t\t\t\t\t<div class=\"hovered-social-icons wd-tltp\">\n\t\t\t\t\t\t<div class=\"tooltip top\">\n\t\t\t\t\t\t\t<div class=\"tooltip-arrow\"><\/div>\n\t\t\t\t\t\t\t<div class=\"tooltip-inner\">\n\t\t\t\t\t\t\t\t\t\t\t<link rel=\"stylesheet\" id=\"wd-social-icons-css\" href=\"https:\/\/blumkaffee.com\/wp-content\/themes\/woodmart\/css\/parts\/el-social-icons.min.css?ver=8.1.2\" type=\"text\/css\" media=\"all\" \/> \t\t\t\t\t\t<div id=\"\" class=\" wd-social-icons wd-style-default wd-size-small social-share wd-shape-circle color-scheme-light text-center\">\n\t\t\t\t\n\t\t\t\t\n\t\t\t\t\t\t\t\t\t<a rel=\"noopener noreferrer nofollow\" href=\"https:\/\/www.facebook.com\/sharer\/sharer.php?u=https:\/\/blumkaffee.com\/category\/gastronomie\/\" target=\"_blank\" class=\" wd-social-icon social-facebook\" aria-label=\"Facebook social link\">\n\t\t\t\t\t\t<span class=\"wd-icon\"><\/span>\n\t\t\t\t\t\t\t\t\t\t\t<\/a>\n\t\t\t\t\n\t\t\t\t\t\t\t\t\t<a rel=\"noopener noreferrer nofollow\" href=\"https:\/\/x.com\/share?url=https:\/\/blumkaffee.com\/category\/gastronomie\/\" target=\"_blank\" class=\" wd-social-icon social-twitter\" aria-label=\"X social link\">\n\t\t\t\t\t\t<span class=\"wd-icon\"><\/span>\n\t\t\t\t\t\t\t\t\t\t\t<\/a>\n\t\t\t\t\n\t\t\t\t\n\t\t\t\t\n\t\t\t\t\n\t\t\t\t\n\t\t\t\t\n\t\t\t\t\t\t\t\t\t<a rel=\"noopener noreferrer nofollow\" href=\"https:\/\/pinterest.com\/pin\/create\/button\/?url=https:\/\/blumkaffee.com\/category\/gastronomie\/&media=https:\/\/blumkaffee.com\/wp-content\/uploads\/2023\/12\/16-Americano-Kafi-Creme-Lichtspiel-scaled.jpeg&description=Die+Schweizer+Eigenart+%E2%80%93+der+Caf%C3%A9+Cr%C3%A8me\" target=\"_blank\" class=\" wd-social-icon social-pinterest\" aria-label=\"Pinterest social link\">\n\t\t\t\t\t\t<span class=\"wd-icon\"><\/span>\n\t\t\t\t\t\t\t\t\t\t\t<\/a>\n\t\t\t\t\n\t\t\t\t\n\t\t\t\t\t\t\t\t\t<a rel=\"noopener noreferrer nofollow\" href=\"https:\/\/www.linkedin.com\/shareArticle?mini=true&url=https:\/\/blumkaffee.com\/category\/gastronomie\/\" target=\"_blank\" class=\" wd-social-icon social-linkedin\" aria-label=\"Linkedin social link\">\n\t\t\t\t\t\t<span class=\"wd-icon\"><\/span>\n\t\t\t\t\t\t\t\t\t\t\t<\/a>\n\t\t\t\t\n\t\t\t\t\n\t\t\t\t\n\t\t\t\t\n\t\t\t\t\n\t\t\t\t\n\t\t\t\t\n\t\t\t\t\n\t\t\t\t\n\t\t\t\t\n\t\t\t\t\n\t\t\t\t\n\t\t\t\t\n\t\t\t\t\n\t\t\t\t\n\t\t\t\t\n\t\t\t\t\t\t\t\t\t<a rel=\"noopener noreferrer nofollow\" href=\"https:\/\/telegram.me\/share\/url?url=https:\/\/blumkaffee.com\/category\/gastronomie\/\" target=\"_blank\" class=\" wd-social-icon social-tg\" aria-label=\"Telegram social link\">\n\t\t\t\t\t\t<span class=\"wd-icon\"><\/span>\n\t\t\t\t\t\t\t\t\t\t\t<\/a>\n\t\t\t\t\n\t\t\t\t\n\t\t\t<\/div>\n\n\t\t\t\t\t\t\t\t\t<\/div>\n\t\t\t\t\t\t<\/div>\n\t\t\t\t\t<\/div>\n\t\t\t\t\t\t\t\n\t\t\t\t\t\t\t\t\t\t\t\t<div class=\"entry-content wd-post-desc\">\n\t\t\t\t\t\tDie Schweizer Eigenart \u2013 der Caf\u00e9 Cr\u00e8me \t\t\n\t\t\t\t\t\t\t\t\t\t\n\t\t\tWoher der Caf\u00e9 Cr\u00e8me kommt und was ihn vom traditionellen Espresso unterscheid...\t\t\t\t\t<\/div>\n\t\t\t\t\n\t\t\t\t\t\t\t\t\t\t\t\t\t\t<p class=\"read-more-section\">\n\t\t\t\t\t\t<a class=\"btn-read-more more-link\" href=\"https:\/\/blumkaffee.com\/die-schweizer-eigenart-der-cafe-creme\/\">Weiterlesen<\/a>\t\t\t\t\t<\/p>\n\t\t\t\t\t\t\t\t\t\t\t\t\t<\/div>\n\t<\/div>\n<\/article>\n\n\t\t\t\t\t\t\t\t\t\t\t\n<article id=\"post-22286\" class=\"wd-post blog-design-mask blog-post-loop blog-style-flat wd-col post-22286 post type-post status-publish format-standard has-post-thumbnail hentry category-gastronomie\">\n\t<div class=\"article-inner\">\n\t\t<header class=\"entry-header\">\n\t\t\t\t\t\t\t<figure class=\"entry-thumbnail\">\n\t\t\t\t\t\t\t\t\t\t\t<div class=\"post-img-wrapp\">\n\t\t\t\t\t\t\t<a href=\"https:\/\/blumkaffee.com\/nachhaltige-b2b-alternative-zu-nespresso-kapseln\/\">\n\t\t\t\t\t\t\t\t<img width=\"1024\" height=\"637\" src=\"https:\/\/blumkaffee.com\/wp-content\/themes\/woodmart\/images\/lazy.svg\" class=\"attachment-large size-large\" alt=\"Nespresso\" decoding=\"async\" srcset=\"\" sizes=\"(max-width: 1024px) 100vw, 1024px\" data-src=\"https:\/\/blumkaffee.com\/wp-content\/uploads\/2023\/12\/sylvain-thrd-L6WY8VY7k7s-unsplash-1-1024x637.jpg\" data-srcset=\"https:\/\/blumkaffee.com\/wp-content\/uploads\/2023\/12\/sylvain-thrd-L6WY8VY7k7s-unsplash-1-1024x637.jpg 1024w, https:\/\/blumkaffee.com\/wp-content\/uploads\/2023\/12\/sylvain-thrd-L6WY8VY7k7s-unsplash-1-300x187.jpg 300w, https:\/\/blumkaffee.com\/wp-content\/uploads\/2023\/12\/sylvain-thrd-L6WY8VY7k7s-unsplash-1-768x478.jpg 768w, https:\/\/blumkaffee.com\/wp-content\/uploads\/2023\/12\/sylvain-thrd-L6WY8VY7k7s-unsplash-1-1536x955.jpg 1536w, https:\/\/blumkaffee.com\/wp-content\/uploads\/2023\/12\/sylvain-thrd-L6WY8VY7k7s-unsplash-1-2048x1274.jpg 2048w, https:\/\/blumkaffee.com\/wp-content\/uploads\/2023\/12\/sylvain-thrd-L6WY8VY7k7s-unsplash-1-860x535.jpg 860w, https:\/\/blumkaffee.com\/wp-content\/uploads\/2023\/12\/sylvain-thrd-L6WY8VY7k7s-unsplash-1-1080x672.jpg 1080w, https:\/\/blumkaffee.com\/wp-content\/uploads\/2023\/12\/sylvain-thrd-L6WY8VY7k7s-unsplash-1-430x267.jpg 430w, https:\/\/blumkaffee.com\/wp-content\/uploads\/2023\/12\/sylvain-thrd-L6WY8VY7k7s-unsplash-1-700x435.jpg 700w, https:\/\/blumkaffee.com\/wp-content\/uploads\/2023\/12\/sylvain-thrd-L6WY8VY7k7s-unsplash-1-150x93.jpg 150w\" \/>\t\t\t\t\t\t\t<\/a>\n\t\t\t\t\t\t<\/div>\n\t\t\t\t\t\t<div class=\"post-image-mask\">\n\t\t\t\t\t\t\t<span><\/span>\n\t\t\t\t\t\t<\/div>\n\t\t\t\t\t\t\t\t\t<\/figure>\n\t\t\t\n\t\t\t\t\t\t<div class=\"wd-post-date wd-style-with-bg\">\n\t\t\t\t<span class=\"post-date-day\">\n\t\t\t\t\t13\t\t\t\t<\/span>\n\t\t\t\t<span class=\"post-date-month\">\n\t\t\t\t\tDez.\t\t\t\t<\/span>\n\t\t\t<\/div>\n\t\t\t\t<\/header>\n\n\t\t<div class=\"article-body-container\">\n\t\t\t\t\t\t\t<div class=\"meta-categories-wrapp\">\n\t\t\t\t\t<div class=\"meta-post-categories wd-post-cat wd-style-with-bg\">\n\t\t\t\t\t\t<a href=\"https:\/\/blumkaffee.com\/category\/gastronomie\/\" rel=\"category tag\">Gastronomie<\/a>\t\t\t\t\t<\/div>\n\t\t\t\t<\/div>\n\t\t\t\n\t\t\t\t\t\t\t<h3 class=\"wd-entities-title title post-title\">\n\t\t\t\t\t<a href=\"https:\/\/blumkaffee.com\/nachhaltige-b2b-alternative-zu-nespresso-kapseln\/\" rel=\"bookmark\">Die nachhaltige B2B Alternative zu Nespresso Kapseln<\/a>\n\t\t\t\t<\/h3>\n\t\t\t\n\t\t\t\t\t\t\t<div class=\"entry-meta wd-entry-meta\">\n\t\t\t\t\t\t\t\t<ul class=\"entry-meta-list\">\n\t\t\t\t\t\t\t\t\t<li class=\"modified-date\">\n\t\t\t\t\t\t\t\t<time class=\"updated\" datetime=\"2023-12-13T16:48:44+01:00\">\n\t\t\tDezember 13, 2023\t\t<\/time>\n\t\t\t\t\t\t\t<\/li>\n\n\t\t\t\t\t\n\t\t\t\t\t\t\t\t\t\t\t<li class=\"meta-author\">\n\t\t\t\t\t\t\t\t\t\t\t\t<span>Durch<\/span>\n\t\t\n\t\t\t\t\t<img alt='author-avatar' src=\"https:\/\/blumkaffee.com\/wp-content\/themes\/woodmart\/images\/lazy.svg\" data-src='https:\/\/secure.gravatar.com\/avatar\/5bfa769c865f582d3365725efaebb568b05fd97a2008df76157a93568b6209c6?s=32&#038;d=mm&#038;r=g' srcset=\"\" data-srcset='https:\/\/secure.gravatar.com\/avatar\/5bfa769c865f582d3365725efaebb568b05fd97a2008df76157a93568b6209c6?s=64&#038;d=mm&#038;r=g 2x' class='avatar avatar-32 photo' height='32' width='32' decoding='async'\/>\t\t\n\t\t<a href=\"https:\/\/blumkaffee.com\/author\/teamblumkaffee-ch\/\" class=\"author\" rel=\"author\">team@blumkaffee.ch<\/a>\n\t\t\t\t\t\t\t\t<\/li>\n\t\t\t\t\t\n\t\t\t\t\t\n\t\t\t\t\t\t\t\t\t\t\t<li class=\"meta-reply\">\n\t\t\t\t\t\t\t<a href=\"https:\/\/blumkaffee.com\/nachhaltige-b2b-alternative-zu-nespresso-kapseln\/#respond\"><span class=\"replies-count\">0<\/span> <span class=\"replies-count-label\">Bemerkungen<\/span><\/a>\t\t\t\t\t\t<\/li>\n\t\t\t\t\t\t\t\t\t\t\t\t<\/ul>\n\t\t\t\t\t\t<\/div>\n\t\t\t\t\t\t\t\t\t<div class=\"hovered-social-icons wd-tltp\">\n\t\t\t\t\t\t<div class=\"tooltip top\">\n\t\t\t\t\t\t\t<div class=\"tooltip-arrow\"><\/div>\n\t\t\t\t\t\t\t<div class=\"tooltip-inner\">\n\t\t\t\t\t\t\t\t\t\t\t<div id=\"\" class=\" wd-social-icons wd-style-default wd-size-small social-share wd-shape-circle color-scheme-light text-center\">\n\t\t\t\t\n\t\t\t\t\n\t\t\t\t\t\t\t\t\t<a rel=\"noopener noreferrer nofollow\" href=\"https:\/\/www.facebook.com\/sharer\/sharer.php?u=https:\/\/blumkaffee.com\/category\/gastronomie\/\" target=\"_blank\" class=\" wd-social-icon social-facebook\" aria-label=\"Facebook social link\">\n\t\t\t\t\t\t<span class=\"wd-icon\"><\/span>\n\t\t\t\t\t\t\t\t\t\t\t<\/a>\n\t\t\t\t\n\t\t\t\t\t\t\t\t\t<a rel=\"noopener noreferrer nofollow\" href=\"https:\/\/x.com\/share?url=https:\/\/blumkaffee.com\/category\/gastronomie\/\" target=\"_blank\" class=\" wd-social-icon social-twitter\" aria-label=\"X social link\">\n\t\t\t\t\t\t<span class=\"wd-icon\"><\/span>\n\t\t\t\t\t\t\t\t\t\t\t<\/a>\n\t\t\t\t\n\t\t\t\t\n\t\t\t\t\n\t\t\t\t\n\t\t\t\t\n\t\t\t\t\n\t\t\t\t\t\t\t\t\t<a rel=\"noopener noreferrer nofollow\" href=\"https:\/\/pinterest.com\/pin\/create\/button\/?url=https:\/\/blumkaffee.com\/category\/gastronomie\/&media=https:\/\/blumkaffee.com\/wp-content\/uploads\/2023\/12\/sylvain-thrd-L6WY8VY7k7s-unsplash-1-scaled.jpg&description=Die+nachhaltige+B2B+Alternative+zu+Nespresso+Kapseln\" target=\"_blank\" class=\" wd-social-icon social-pinterest\" aria-label=\"Pinterest social link\">\n\t\t\t\t\t\t<span class=\"wd-icon\"><\/span>\n\t\t\t\t\t\t\t\t\t\t\t<\/a>\n\t\t\t\t\n\t\t\t\t\n\t\t\t\t\t\t\t\t\t<a rel=\"noopener noreferrer nofollow\" href=\"https:\/\/www.linkedin.com\/shareArticle?mini=true&url=https:\/\/blumkaffee.com\/category\/gastronomie\/\" target=\"_blank\" class=\" wd-social-icon social-linkedin\" aria-label=\"Linkedin social link\">\n\t\t\t\t\t\t<span class=\"wd-icon\"><\/span>\n\t\t\t\t\t\t\t\t\t\t\t<\/a>\n\t\t\t\t\n\t\t\t\t\n\t\t\t\t\n\t\t\t\t\n\t\t\t\t\n\t\t\t\t\n\t\t\t\t\n\t\t\t\t\n\t\t\t\t\n\t\t\t\t\n\t\t\t\t\n\t\t\t\t\n\t\t\t\t\n\t\t\t\t\n\t\t\t\t\n\t\t\t\t\n\t\t\t\t\t\t\t\t\t<a rel=\"noopener noreferrer nofollow\" href=\"https:\/\/telegram.me\/share\/url?url=https:\/\/blumkaffee.com\/category\/gastronomie\/\" target=\"_blank\" class=\" wd-social-icon social-tg\" aria-label=\"Telegram social link\">\n\t\t\t\t\t\t<span class=\"wd-icon\"><\/span>\n\t\t\t\t\t\t\t\t\t\t\t<\/a>\n\t\t\t\t\n\t\t\t\t\n\t\t\t<\/div>\n\n\t\t\t\t\t\t\t\t\t<\/div>\n\t\t\t\t\t\t<\/div>\n\t\t\t\t\t<\/div>\n\t\t\t\t\t\t\t\n\t\t\t\t\t\t\t\t\t\t\t\t<div class=\"entry-content wd-post-desc\">\n\t\t\t\t\t\tDie nachhaltige B2B Alternative zu Nespresso Kapseln - gibt es sie?\nEines muss man Nespresso bzw. Nestl\u00e9 lassen: Mit der breiten Markte...\t\t\t\t\t<\/div>\n\t\t\t\t\n\t\t\t\t\t\t\t\t\t\t\t\t\t\t<p class=\"read-more-section\">\n\t\t\t\t\t\t<a class=\"btn-read-more more-link\" href=\"https:\/\/blumkaffee.com\/nachhaltige-b2b-alternative-zu-nespresso-kapseln\/\">Weiterlesen<\/a>\t\t\t\t\t<\/p>\n\t\t\t\t\t\t\t\t\t\t\t\t\t<\/div>\n\t<\/div>\n<\/article>\n\n\t\t\t\t\t\t\t\t\t\t\t\n<article id=\"post-22254\" class=\"wd-post blog-design-mask blog-post-loop blog-style-flat wd-col post-22254 post type-post status-publish format-standard has-post-thumbnail hentry category-gastronomie category-home-barista category-rezepte\">\n\t<div class=\"article-inner\">\n\t\t<header class=\"entry-header\">\n\t\t\t\t\t\t\t<figure class=\"entry-thumbnail\">\n\t\t\t\t\t\t\t\t\t\t\t<div class=\"post-img-wrapp\">\n\t\t\t\t\t\t\t<a href=\"https:\/\/blumkaffee.com\/der-kaffee-und-alles-was-du-noch-nicht-wusstest\/\">\n\t\t\t\t\t\t\t\t<img width=\"768\" height=\"1024\" src=\"https:\/\/blumkaffee.com\/wp-content\/themes\/woodmart\/images\/lazy.svg\" class=\"attachment-large size-large\" alt=\"Kaffee\" decoding=\"async\" srcset=\"\" sizes=\"(max-width: 768px) 100vw, 768px\" data-src=\"https:\/\/blumkaffee.com\/wp-content\/uploads\/2023\/12\/13-Cafe-regal-Menue-768x1024.jpeg\" data-srcset=\"https:\/\/blumkaffee.com\/wp-content\/uploads\/2023\/12\/13-Cafe-regal-Menue-768x1024.jpeg 768w, https:\/\/blumkaffee.com\/wp-content\/uploads\/2023\/12\/13-Cafe-regal-Menue-225x300.jpeg 225w, https:\/\/blumkaffee.com\/wp-content\/uploads\/2023\/12\/13-Cafe-regal-Menue-1152x1536.jpeg 1152w, https:\/\/blumkaffee.com\/wp-content\/uploads\/2023\/12\/13-Cafe-regal-Menue-1536x2048.jpeg 1536w, https:\/\/blumkaffee.com\/wp-content\/uploads\/2023\/12\/13-Cafe-regal-Menue-860x1147.jpeg 860w, https:\/\/blumkaffee.com\/wp-content\/uploads\/2023\/12\/13-Cafe-regal-Menue-430x573.jpeg 430w, https:\/\/blumkaffee.com\/wp-content\/uploads\/2023\/12\/13-Cafe-regal-Menue-700x933.jpeg 700w, https:\/\/blumkaffee.com\/wp-content\/uploads\/2023\/12\/13-Cafe-regal-Menue-150x200.jpeg 150w, https:\/\/blumkaffee.com\/wp-content\/uploads\/2023\/12\/13-Cafe-regal-Menue-scaled.jpeg 1920w\" \/>\t\t\t\t\t\t\t<\/a>\n\t\t\t\t\t\t<\/div>\n\t\t\t\t\t\t<div class=\"post-image-mask\">\n\t\t\t\t\t\t\t<span><\/span>\n\t\t\t\t\t\t<\/div>\n\t\t\t\t\t\t\t\t\t<\/figure>\n\t\t\t\n\t\t\t\t\t\t<div class=\"wd-post-date wd-style-with-bg\">\n\t\t\t\t<span class=\"post-date-day\">\n\t\t\t\t\t13\t\t\t\t<\/span>\n\t\t\t\t<span class=\"post-date-month\">\n\t\t\t\t\tDez.\t\t\t\t<\/span>\n\t\t\t<\/div>\n\t\t\t\t<\/header>\n\n\t\t<div class=\"article-body-container\">\n\t\t\t\t\t\t\t<div class=\"meta-categories-wrapp\">\n\t\t\t\t\t<div class=\"meta-post-categories wd-post-cat wd-style-with-bg\">\n\t\t\t\t\t\t<a href=\"https:\/\/blumkaffee.com\/category\/gastronomie\/\" rel=\"category tag\">Gastronomie<\/a>, <a href=\"https:\/\/blumkaffee.com\/category\/home-barista\/\" rel=\"category tag\">Home Barista<\/a>, <a href=\"https:\/\/blumkaffee.com\/category\/rezepte\/\" rel=\"category tag\">Rezepte<\/a>\t\t\t\t\t<\/div>\n\t\t\t\t<\/div>\n\t\t\t\n\t\t\t\t\t\t\t<h3 class=\"wd-entities-title title post-title\">\n\t\t\t\t\t<a href=\"https:\/\/blumkaffee.com\/der-kaffee-und-alles-was-du-noch-nicht-wusstest\/\" rel=\"bookmark\">Der Kaffee und alles was du \u00fcber ihn noch nicht wusstest!<\/a>\n\t\t\t\t<\/h3>\n\t\t\t\n\t\t\t\t\t\t\t<div class=\"entry-meta wd-entry-meta\">\n\t\t\t\t\t\t\t\t<ul class=\"entry-meta-list\">\n\t\t\t\t\t\t\t\t\t<li class=\"modified-date\">\n\t\t\t\t\t\t\t\t<time class=\"updated\" datetime=\"2023-12-14T08:07:55+01:00\">\n\t\t\tDezember 14, 2023\t\t<\/time>\n\t\t\t\t\t\t\t<\/li>\n\n\t\t\t\t\t\n\t\t\t\t\t\t\t\t\t\t\t<li class=\"meta-author\">\n\t\t\t\t\t\t\t\t\t\t\t\t<span>Durch<\/span>\n\t\t\n\t\t\t\t\t<img alt='author-avatar' src=\"https:\/\/blumkaffee.com\/wp-content\/themes\/woodmart\/images\/lazy.svg\" data-src='https:\/\/secure.gravatar.com\/avatar\/5bfa769c865f582d3365725efaebb568b05fd97a2008df76157a93568b6209c6?s=32&#038;d=mm&#038;r=g' srcset=\"\" data-srcset='https:\/\/secure.gravatar.com\/avatar\/5bfa769c865f582d3365725efaebb568b05fd97a2008df76157a93568b6209c6?s=64&#038;d=mm&#038;r=g 2x' class='avatar avatar-32 photo' height='32' width='32' decoding='async'\/>\t\t\n\t\t<a href=\"https:\/\/blumkaffee.com\/author\/teamblumkaffee-ch\/\" class=\"author\" rel=\"author\">team@blumkaffee.ch<\/a>\n\t\t\t\t\t\t\t\t<\/li>\n\t\t\t\t\t\n\t\t\t\t\t\n\t\t\t\t\t\t\t\t\t\t\t<li class=\"meta-reply\">\n\t\t\t\t\t\t\t<a href=\"https:\/\/blumkaffee.com\/der-kaffee-und-alles-was-du-noch-nicht-wusstest\/#respond\"><span class=\"replies-count\">0<\/span> <span class=\"replies-count-label\">Bemerkungen<\/span><\/a>\t\t\t\t\t\t<\/li>\n\t\t\t\t\t\t\t\t\t\t\t\t<\/ul>\n\t\t\t\t\t\t<\/div>\n\t\t\t\t\t\t\t\t\t<div class=\"hovered-social-icons wd-tltp\">\n\t\t\t\t\t\t<div class=\"tooltip top\">\n\t\t\t\t\t\t\t<div class=\"tooltip-arrow\"><\/div>\n\t\t\t\t\t\t\t<div class=\"tooltip-inner\">\n\t\t\t\t\t\t\t\t\t\t\t<div id=\"\" class=\" wd-social-icons wd-style-default wd-size-small social-share wd-shape-circle color-scheme-light text-center\">\n\t\t\t\t\n\t\t\t\t\n\t\t\t\t\t\t\t\t\t<a rel=\"noopener noreferrer nofollow\" href=\"https:\/\/www.facebook.com\/sharer\/sharer.php?u=https:\/\/blumkaffee.com\/category\/gastronomie\/\" target=\"_blank\" class=\" wd-social-icon social-facebook\" aria-label=\"Facebook social link\">\n\t\t\t\t\t\t<span class=\"wd-icon\"><\/span>\n\t\t\t\t\t\t\t\t\t\t\t<\/a>\n\t\t\t\t\n\t\t\t\t\t\t\t\t\t<a rel=\"noopener noreferrer nofollow\" href=\"https:\/\/x.com\/share?url=https:\/\/blumkaffee.com\/category\/gastronomie\/\" target=\"_blank\" class=\" wd-social-icon social-twitter\" aria-label=\"X social link\">\n\t\t\t\t\t\t<span class=\"wd-icon\"><\/span>\n\t\t\t\t\t\t\t\t\t\t\t<\/a>\n\t\t\t\t\n\t\t\t\t\n\t\t\t\t\n\t\t\t\t\n\t\t\t\t\n\t\t\t\t\n\t\t\t\t\t\t\t\t\t<a rel=\"noopener noreferrer nofollow\" href=\"https:\/\/pinterest.com\/pin\/create\/button\/?url=https:\/\/blumkaffee.com\/category\/gastronomie\/&media=https:\/\/blumkaffee.com\/wp-content\/uploads\/2023\/12\/13-Cafe-regal-Menue-scaled.jpeg&description=Der+Kaffee+und+alles+was+du+%C3%BCber+ihn+noch+nicht+wusstest%21\" target=\"_blank\" class=\" wd-social-icon social-pinterest\" aria-label=\"Pinterest social link\">\n\t\t\t\t\t\t<span class=\"wd-icon\"><\/span>\n\t\t\t\t\t\t\t\t\t\t\t<\/a>\n\t\t\t\t\n\t\t\t\t\n\t\t\t\t\t\t\t\t\t<a rel=\"noopener noreferrer nofollow\" href=\"https:\/\/www.linkedin.com\/shareArticle?mini=true&url=https:\/\/blumkaffee.com\/category\/gastronomie\/\" target=\"_blank\" class=\" wd-social-icon social-linkedin\" aria-label=\"Linkedin social link\">\n\t\t\t\t\t\t<span class=\"wd-icon\"><\/span>\n\t\t\t\t\t\t\t\t\t\t\t<\/a>\n\t\t\t\t\n\t\t\t\t\n\t\t\t\t\n\t\t\t\t\n\t\t\t\t\n\t\t\t\t\n\t\t\t\t\n\t\t\t\t\n\t\t\t\t\n\t\t\t\t\n\t\t\t\t\n\t\t\t\t\n\t\t\t\t\n\t\t\t\t\n\t\t\t\t\n\t\t\t\t\n\t\t\t\t\t\t\t\t\t<a rel=\"noopener noreferrer nofollow\" href=\"https:\/\/telegram.me\/share\/url?url=https:\/\/blumkaffee.com\/category\/gastronomie\/\" target=\"_blank\" class=\" wd-social-icon social-tg\" aria-label=\"Telegram social link\">\n\t\t\t\t\t\t<span class=\"wd-icon\"><\/span>\n\t\t\t\t\t\t\t\t\t\t\t<\/a>\n\t\t\t\t\n\t\t\t\t\n\t\t\t<\/div>\n\n\t\t\t\t\t\t\t\t\t<\/div>\n\t\t\t\t\t\t<\/div>\n\t\t\t\t\t<\/div>\n\t\t\t\t\t\t\t\n\t\t\t\t\t\t\t\t\t\t\t\t<div class=\"entry-content wd-post-desc\">\n\t\t\t\t\t\tDie Herkunft von Kaffee\n\n\nKaffee kommt urspr\u00fcnglich aus dem Sudan und \u00c4thiopien und wurde entdeckt, als Ziegen eines Bauern Kaffeebohne...\t\t\t\t\t<\/div>\n\t\t\t\t\n\t\t\t\t\t\t\t\t\t\t\t\t\t\t<p class=\"read-more-section\">\n\t\t\t\t\t\t<a class=\"btn-read-more more-link\" href=\"https:\/\/blumkaffee.com\/der-kaffee-und-alles-was-du-noch-nicht-wusstest\/\">Weiterlesen<\/a>\t\t\t\t\t<\/p>\n\t\t\t\t\t\t\t\t\t\t\t\t\t<\/div>\n\t<\/div>\n<\/article>\n\n\t\t\t\t\t\t\t\t\t\t\t\n<article id=\"post-22240\" class=\"wd-post blog-design-mask blog-post-loop blog-style-flat wd-col post-22240 post type-post status-publish format-standard has-post-thumbnail hentry category-gastronomie category-home-barista\">\n\t<div class=\"article-inner\">\n\t\t<header class=\"entry-header\">\n\t\t\t\t\t\t\t<figure class=\"entry-thumbnail\">\n\t\t\t\t\t\t\t\t\t\t\t<div class=\"post-img-wrapp\">\n\t\t\t\t\t\t\t<a href=\"https:\/\/blumkaffee.com\/der-italienische-espresso-starkstrom-kaffeemischung\/\">\n\t\t\t\t\t\t\t\t<img width=\"819\" height=\"1024\" src=\"https:\/\/blumkaffee.com\/wp-content\/themes\/woodmart\/images\/lazy.svg\" class=\"attachment-large size-large\" alt=\"italienische Espresso\" decoding=\"async\" srcset=\"\" sizes=\"(max-width: 819px) 100vw, 819px\" data-src=\"https:\/\/blumkaffee.com\/wp-content\/uploads\/2023\/12\/12-15-Widnau-Roesten-Roesterei-Garage-Starkstrom-Abpackstation-23-819x1024.jpg\" data-srcset=\"https:\/\/blumkaffee.com\/wp-content\/uploads\/2023\/12\/12-15-Widnau-Roesten-Roesterei-Garage-Starkstrom-Abpackstation-23-819x1024.jpg 819w, https:\/\/blumkaffee.com\/wp-content\/uploads\/2023\/12\/12-15-Widnau-Roesten-Roesterei-Garage-Starkstrom-Abpackstation-23-240x300.jpg 240w, https:\/\/blumkaffee.com\/wp-content\/uploads\/2023\/12\/12-15-Widnau-Roesten-Roesterei-Garage-Starkstrom-Abpackstation-23-768x960.jpg 768w, https:\/\/blumkaffee.com\/wp-content\/uploads\/2023\/12\/12-15-Widnau-Roesten-Roesterei-Garage-Starkstrom-Abpackstation-23-1229x1536.jpg 1229w, https:\/\/blumkaffee.com\/wp-content\/uploads\/2023\/12\/12-15-Widnau-Roesten-Roesterei-Garage-Starkstrom-Abpackstation-23-860x1075.jpg 860w, https:\/\/blumkaffee.com\/wp-content\/uploads\/2023\/12\/12-15-Widnau-Roesten-Roesterei-Garage-Starkstrom-Abpackstation-23-430x538.jpg 430w, https:\/\/blumkaffee.com\/wp-content\/uploads\/2023\/12\/12-15-Widnau-Roesten-Roesterei-Garage-Starkstrom-Abpackstation-23-700x875.jpg 700w, https:\/\/blumkaffee.com\/wp-content\/uploads\/2023\/12\/12-15-Widnau-Roesten-Roesterei-Garage-Starkstrom-Abpackstation-23-150x188.jpg 150w, https:\/\/blumkaffee.com\/wp-content\/uploads\/2023\/12\/12-15-Widnau-Roesten-Roesterei-Garage-Starkstrom-Abpackstation-23.jpg 1638w\" \/>\t\t\t\t\t\t\t<\/a>\n\t\t\t\t\t\t<\/div>\n\t\t\t\t\t\t<div class=\"post-image-mask\">\n\t\t\t\t\t\t\t<span><\/span>\n\t\t\t\t\t\t<\/div>\n\t\t\t\t\t\t\t\t\t<\/figure>\n\t\t\t\n\t\t\t\t\t\t<div class=\"wd-post-date wd-style-with-bg\">\n\t\t\t\t<span class=\"post-date-day\">\n\t\t\t\t\t13\t\t\t\t<\/span>\n\t\t\t\t<span class=\"post-date-month\">\n\t\t\t\t\tDez.\t\t\t\t<\/span>\n\t\t\t<\/div>\n\t\t\t\t<\/header>\n\n\t\t<div class=\"article-body-container\">\n\t\t\t\t\t\t\t<div class=\"meta-categories-wrapp\">\n\t\t\t\t\t<div class=\"meta-post-categories wd-post-cat wd-style-with-bg\">\n\t\t\t\t\t\t<a href=\"https:\/\/blumkaffee.com\/category\/gastronomie\/\" rel=\"category tag\">Gastronomie<\/a>, <a href=\"https:\/\/blumkaffee.com\/category\/home-barista\/\" rel=\"category tag\">Home Barista<\/a>\t\t\t\t\t<\/div>\n\t\t\t\t<\/div>\n\t\t\t\n\t\t\t\t\t\t\t<h3 class=\"wd-entities-title title post-title\">\n\t\t\t\t\t<a href=\"https:\/\/blumkaffee.com\/der-italienische-espresso-starkstrom-kaffeemischung\/\" rel=\"bookmark\">Der italienische Espresso \u2013 Starkstrom Kaffeemischung<\/a>\n\t\t\t\t<\/h3>\n\t\t\t\n\t\t\t\t\t\t\t<div class=\"entry-meta wd-entry-meta\">\n\t\t\t\t\t\t\t\t<ul class=\"entry-meta-list\">\n\t\t\t\t\t\t\t\t\t<li class=\"modified-date\">\n\t\t\t\t\t\t\t\t<time class=\"updated\" datetime=\"2023-12-13T16:35:06+01:00\">\n\t\t\tDezember 13, 2023\t\t<\/time>\n\t\t\t\t\t\t\t<\/li>\n\n\t\t\t\t\t\n\t\t\t\t\t\t\t\t\t\t\t<li class=\"meta-author\">\n\t\t\t\t\t\t\t\t\t\t\t\t<span>Durch<\/span>\n\t\t\n\t\t\t\t\t<img alt='author-avatar' src=\"https:\/\/blumkaffee.com\/wp-content\/themes\/woodmart\/images\/lazy.svg\" data-src='https:\/\/secure.gravatar.com\/avatar\/5bfa769c865f582d3365725efaebb568b05fd97a2008df76157a93568b6209c6?s=32&#038;d=mm&#038;r=g' srcset=\"\" data-srcset='https:\/\/secure.gravatar.com\/avatar\/5bfa769c865f582d3365725efaebb568b05fd97a2008df76157a93568b6209c6?s=64&#038;d=mm&#038;r=g 2x' class='avatar avatar-32 photo' height='32' width='32' decoding='async'\/>\t\t\n\t\t<a href=\"https:\/\/blumkaffee.com\/author\/teamblumkaffee-ch\/\" class=\"author\" rel=\"author\">team@blumkaffee.ch<\/a>\n\t\t\t\t\t\t\t\t<\/li>\n\t\t\t\t\t\n\t\t\t\t\t\n\t\t\t\t\t\t\t\t\t\t\t<li class=\"meta-reply\">\n\t\t\t\t\t\t\t<a href=\"https:\/\/blumkaffee.com\/der-italienische-espresso-starkstrom-kaffeemischung\/#respond\"><span class=\"replies-count\">0<\/span> <span class=\"replies-count-label\">Bemerkungen<\/span><\/a>\t\t\t\t\t\t<\/li>\n\t\t\t\t\t\t\t\t\t\t\t\t<\/ul>\n\t\t\t\t\t\t<\/div>\n\t\t\t\t\t\t\t\t\t<div class=\"hovered-social-icons wd-tltp\">\n\t\t\t\t\t\t<div class=\"tooltip top\">\n\t\t\t\t\t\t\t<div class=\"tooltip-arrow\"><\/div>\n\t\t\t\t\t\t\t<div class=\"tooltip-inner\">\n\t\t\t\t\t\t\t\t\t\t\t<div id=\"\" class=\" wd-social-icons wd-style-default wd-size-small social-share wd-shape-circle color-scheme-light text-center\">\n\t\t\t\t\n\t\t\t\t\n\t\t\t\t\t\t\t\t\t<a rel=\"noopener noreferrer nofollow\" href=\"https:\/\/www.facebook.com\/sharer\/sharer.php?u=https:\/\/blumkaffee.com\/category\/gastronomie\/\" target=\"_blank\" class=\" wd-social-icon social-facebook\" aria-label=\"Facebook social link\">\n\t\t\t\t\t\t<span class=\"wd-icon\"><\/span>\n\t\t\t\t\t\t\t\t\t\t\t<\/a>\n\t\t\t\t\n\t\t\t\t\t\t\t\t\t<a rel=\"noopener noreferrer nofollow\" href=\"https:\/\/x.com\/share?url=https:\/\/blumkaffee.com\/category\/gastronomie\/\" target=\"_blank\" class=\" wd-social-icon social-twitter\" aria-label=\"X social link\">\n\t\t\t\t\t\t<span class=\"wd-icon\"><\/span>\n\t\t\t\t\t\t\t\t\t\t\t<\/a>\n\t\t\t\t\n\t\t\t\t\n\t\t\t\t\n\t\t\t\t\n\t\t\t\t\n\t\t\t\t\n\t\t\t\t\t\t\t\t\t<a rel=\"noopener noreferrer nofollow\" href=\"https:\/\/pinterest.com\/pin\/create\/button\/?url=https:\/\/blumkaffee.com\/category\/gastronomie\/&media=https:\/\/blumkaffee.com\/wp-content\/uploads\/2023\/12\/12-15-Widnau-Roesten-Roesterei-Garage-Starkstrom-Abpackstation-23.jpg&description=Der+italienische+Espresso+%E2%80%93+Starkstrom+Kaffeemischung\" target=\"_blank\" class=\" wd-social-icon social-pinterest\" aria-label=\"Pinterest social link\">\n\t\t\t\t\t\t<span class=\"wd-icon\"><\/span>\n\t\t\t\t\t\t\t\t\t\t\t<\/a>\n\t\t\t\t\n\t\t\t\t\n\t\t\t\t\t\t\t\t\t<a rel=\"noopener noreferrer nofollow\" href=\"https:\/\/www.linkedin.com\/shareArticle?mini=true&url=https:\/\/blumkaffee.com\/category\/gastronomie\/\" target=\"_blank\" class=\" wd-social-icon social-linkedin\" aria-label=\"Linkedin social link\">\n\t\t\t\t\t\t<span class=\"wd-icon\"><\/span>\n\t\t\t\t\t\t\t\t\t\t\t<\/a>\n\t\t\t\t\n\t\t\t\t\n\t\t\t\t\n\t\t\t\t\n\t\t\t\t\n\t\t\t\t\n\t\t\t\t\n\t\t\t\t\n\t\t\t\t\n\t\t\t\t\n\t\t\t\t\n\t\t\t\t\n\t\t\t\t\n\t\t\t\t\n\t\t\t\t\n\t\t\t\t\n\t\t\t\t\t\t\t\t\t<a rel=\"noopener noreferrer nofollow\" href=\"https:\/\/telegram.me\/share\/url?url=https:\/\/blumkaffee.com\/category\/gastronomie\/\" target=\"_blank\" class=\" wd-social-icon social-tg\" aria-label=\"Telegram social link\">\n\t\t\t\t\t\t<span class=\"wd-icon\"><\/span>\n\t\t\t\t\t\t\t\t\t\t\t<\/a>\n\t\t\t\t\n\t\t\t\t\n\t\t\t<\/div>\n\n\t\t\t\t\t\t\t\t\t<\/div>\n\t\t\t\t\t\t<\/div>\n\t\t\t\t\t<\/div>\n\t\t\t\t\t\t\t\n\t\t\t\t\t\t\t\t\t\t\t\t<div class=\"entry-content wd-post-desc\">\n\t\t\t\t\t\tFebruar 2020 - der neue italienische Espresso In den vergangenen Wochen haben wir eure Inputs zu unseren Kaffees gesammelt und uns sehr...\t\t\t\t\t<\/div>\n\t\t\t\t\n\t\t\t\t\t\t\t\t\t\t\t\t\t\t<p class=\"read-more-section\">\n\t\t\t\t\t\t<a class=\"btn-read-more more-link\" href=\"https:\/\/blumkaffee.com\/der-italienische-espresso-starkstrom-kaffeemischung\/\">Weiterlesen<\/a>\t\t\t\t\t<\/p>\n\t\t\t\t\t\t\t\t\t\t\t\t\t<\/div>\n\t<\/div>\n<\/article>\n\n\t\t\t\t\t\t\t\t\t\t\t\n<article id=\"post-22222\" class=\"wd-post blog-design-mask blog-post-loop blog-style-flat wd-col post-22222 post type-post status-publish format-standard has-post-thumbnail hentry category-gastronomie\">\n\t<div class=\"article-inner\">\n\t\t<header class=\"entry-header\">\n\t\t\t\t\t\t\t<figure class=\"entry-thumbnail\">\n\t\t\t\t\t\t\t\t\t\t\t<div class=\"post-img-wrapp\">\n\t\t\t\t\t\t\t<a href=\"https:\/\/blumkaffee.com\/restaurant-eroeffnen-die-wichtigsten-punkte\/\">\n\t\t\t\t\t\t\t\t<img width=\"768\" height=\"1024\" src=\"https:\/\/blumkaffee.com\/wp-content\/themes\/woodmart\/images\/lazy.svg\" class=\"attachment-large size-large\" alt=\"restaurant er\u00f6ffnen\" decoding=\"async\" srcset=\"\" sizes=\"(max-width: 768px) 100vw, 768px\" data-src=\"https:\/\/blumkaffee.com\/wp-content\/uploads\/2023\/12\/13-Kaffeehaus-Lichtspiel-Cafe-17-768x1024.jpg\" data-srcset=\"https:\/\/blumkaffee.com\/wp-content\/uploads\/2023\/12\/13-Kaffeehaus-Lichtspiel-Cafe-17-768x1024.jpg 768w, https:\/\/blumkaffee.com\/wp-content\/uploads\/2023\/12\/13-Kaffeehaus-Lichtspiel-Cafe-17-225x300.jpg 225w, https:\/\/blumkaffee.com\/wp-content\/uploads\/2023\/12\/13-Kaffeehaus-Lichtspiel-Cafe-17-1152x1536.jpg 1152w, https:\/\/blumkaffee.com\/wp-content\/uploads\/2023\/12\/13-Kaffeehaus-Lichtspiel-Cafe-17-1536x2048.jpg 1536w, https:\/\/blumkaffee.com\/wp-content\/uploads\/2023\/12\/13-Kaffeehaus-Lichtspiel-Cafe-17-860x1147.jpg 860w, https:\/\/blumkaffee.com\/wp-content\/uploads\/2023\/12\/13-Kaffeehaus-Lichtspiel-Cafe-17-430x573.jpg 430w, https:\/\/blumkaffee.com\/wp-content\/uploads\/2023\/12\/13-Kaffeehaus-Lichtspiel-Cafe-17-700x933.jpg 700w, https:\/\/blumkaffee.com\/wp-content\/uploads\/2023\/12\/13-Kaffeehaus-Lichtspiel-Cafe-17-150x200.jpg 150w, https:\/\/blumkaffee.com\/wp-content\/uploads\/2023\/12\/13-Kaffeehaus-Lichtspiel-Cafe-17-scaled.jpg 1920w\" \/>\t\t\t\t\t\t\t<\/a>\n\t\t\t\t\t\t<\/div>\n\t\t\t\t\t\t<div class=\"post-image-mask\">\n\t\t\t\t\t\t\t<span><\/span>\n\t\t\t\t\t\t<\/div>\n\t\t\t\t\t\t\t\t\t<\/figure>\n\t\t\t\n\t\t\t\t\t\t<div class=\"wd-post-date wd-style-with-bg\">\n\t\t\t\t<span class=\"post-date-day\">\n\t\t\t\t\t13\t\t\t\t<\/span>\n\t\t\t\t<span class=\"post-date-month\">\n\t\t\t\t\tDez.\t\t\t\t<\/span>\n\t\t\t<\/div>\n\t\t\t\t<\/header>\n\n\t\t<div class=\"article-body-container\">\n\t\t\t\t\t\t\t<div class=\"meta-categories-wrapp\">\n\t\t\t\t\t<div class=\"meta-post-categories wd-post-cat wd-style-with-bg\">\n\t\t\t\t\t\t<a href=\"https:\/\/blumkaffee.com\/category\/gastronomie\/\" rel=\"category tag\">Gastronomie<\/a>\t\t\t\t\t<\/div>\n\t\t\t\t<\/div>\n\t\t\t\n\t\t\t\t\t\t\t<h3 class=\"wd-entities-title title post-title\">\n\t\t\t\t\t<a href=\"https:\/\/blumkaffee.com\/restaurant-eroeffnen-die-wichtigsten-punkte\/\" rel=\"bookmark\">Dein eigenes Restaurant er\u00f6ffnen \u2013 die wichtigsten Punkte<\/a>\n\t\t\t\t<\/h3>\n\t\t\t\n\t\t\t\t\t\t\t<div class=\"entry-meta wd-entry-meta\">\n\t\t\t\t\t\t\t\t<ul class=\"entry-meta-list\">\n\t\t\t\t\t\t\t\t\t<li class=\"modified-date\">\n\t\t\t\t\t\t\t\t<time class=\"updated\" datetime=\"2023-12-13T15:11:29+01:00\">\n\t\t\tDezember 13, 2023\t\t<\/time>\n\t\t\t\t\t\t\t<\/li>\n\n\t\t\t\t\t\n\t\t\t\t\t\t\t\t\t\t\t<li class=\"meta-author\">\n\t\t\t\t\t\t\t\t\t\t\t\t<span>Durch<\/span>\n\t\t\n\t\t\t\t\t<img alt='author-avatar' src=\"https:\/\/blumkaffee.com\/wp-content\/themes\/woodmart\/images\/lazy.svg\" data-src='https:\/\/secure.gravatar.com\/avatar\/5bfa769c865f582d3365725efaebb568b05fd97a2008df76157a93568b6209c6?s=32&#038;d=mm&#038;r=g' srcset=\"\" data-srcset='https:\/\/secure.gravatar.com\/avatar\/5bfa769c865f582d3365725efaebb568b05fd97a2008df76157a93568b6209c6?s=64&#038;d=mm&#038;r=g 2x' class='avatar avatar-32 photo' height='32' width='32' decoding='async'\/>\t\t\n\t\t<a href=\"https:\/\/blumkaffee.com\/author\/teamblumkaffee-ch\/\" class=\"author\" rel=\"author\">team@blumkaffee.ch<\/a>\n\t\t\t\t\t\t\t\t<\/li>\n\t\t\t\t\t\n\t\t\t\t\t\n\t\t\t\t\t\t\t\t\t\t\t<li class=\"meta-reply\">\n\t\t\t\t\t\t\t<a href=\"https:\/\/blumkaffee.com\/restaurant-eroeffnen-die-wichtigsten-punkte\/#respond\"><span class=\"replies-count\">0<\/span> <span class=\"replies-count-label\">Bemerkungen<\/span><\/a>\t\t\t\t\t\t<\/li>\n\t\t\t\t\t\t\t\t\t\t\t\t<\/ul>\n\t\t\t\t\t\t<\/div>\n\t\t\t\t\t\t\t\t\t<div class=\"hovered-social-icons wd-tltp\">\n\t\t\t\t\t\t<div class=\"tooltip top\">\n\t\t\t\t\t\t\t<div class=\"tooltip-arrow\"><\/div>\n\t\t\t\t\t\t\t<div class=\"tooltip-inner\">\n\t\t\t\t\t\t\t\t\t\t\t<div id=\"\" class=\" wd-social-icons wd-style-default wd-size-small social-share wd-shape-circle color-scheme-light text-center\">\n\t\t\t\t\n\t\t\t\t\n\t\t\t\t\t\t\t\t\t<a rel=\"noopener noreferrer nofollow\" href=\"https:\/\/www.facebook.com\/sharer\/sharer.php?u=https:\/\/blumkaffee.com\/category\/gastronomie\/\" target=\"_blank\" class=\" wd-social-icon social-facebook\" aria-label=\"Facebook social link\">\n\t\t\t\t\t\t<span class=\"wd-icon\"><\/span>\n\t\t\t\t\t\t\t\t\t\t\t<\/a>\n\t\t\t\t\n\t\t\t\t\t\t\t\t\t<a rel=\"noopener noreferrer nofollow\" href=\"https:\/\/x.com\/share?url=https:\/\/blumkaffee.com\/category\/gastronomie\/\" target=\"_blank\" class=\" wd-social-icon social-twitter\" aria-label=\"X social link\">\n\t\t\t\t\t\t<span class=\"wd-icon\"><\/span>\n\t\t\t\t\t\t\t\t\t\t\t<\/a>\n\t\t\t\t\n\t\t\t\t\n\t\t\t\t\n\t\t\t\t\n\t\t\t\t\n\t\t\t\t\n\t\t\t\t\t\t\t\t\t<a rel=\"noopener noreferrer nofollow\" href=\"https:\/\/pinterest.com\/pin\/create\/button\/?url=https:\/\/blumkaffee.com\/category\/gastronomie\/&media=https:\/\/blumkaffee.com\/wp-content\/uploads\/2023\/12\/13-Kaffeehaus-Lichtspiel-Cafe-17-scaled.jpg&description=Dein+eigenes+Restaurant+er%C3%B6ffnen+%E2%80%93+die+wichtigsten+Punkte\" target=\"_blank\" class=\" wd-social-icon social-pinterest\" aria-label=\"Pinterest social link\">\n\t\t\t\t\t\t<span class=\"wd-icon\"><\/span>\n\t\t\t\t\t\t\t\t\t\t\t<\/a>\n\t\t\t\t\n\t\t\t\t\n\t\t\t\t\t\t\t\t\t<a rel=\"noopener noreferrer nofollow\" href=\"https:\/\/www.linkedin.com\/shareArticle?mini=true&url=https:\/\/blumkaffee.com\/category\/gastronomie\/\" target=\"_blank\" class=\" wd-social-icon social-linkedin\" aria-label=\"Linkedin social link\">\n\t\t\t\t\t\t<span class=\"wd-icon\"><\/span>\n\t\t\t\t\t\t\t\t\t\t\t<\/a>\n\t\t\t\t\n\t\t\t\t\n\t\t\t\t\n\t\t\t\t\n\t\t\t\t\n\t\t\t\t\n\t\t\t\t\n\t\t\t\t\n\t\t\t\t\n\t\t\t\t\n\t\t\t\t\n\t\t\t\t\n\t\t\t\t\n\t\t\t\t\n\t\t\t\t\n\t\t\t\t\n\t\t\t\t\t\t\t\t\t<a rel=\"noopener noreferrer nofollow\" href=\"https:\/\/telegram.me\/share\/url?url=https:\/\/blumkaffee.com\/category\/gastronomie\/\" target=\"_blank\" class=\" wd-social-icon social-tg\" aria-label=\"Telegram social link\">\n\t\t\t\t\t\t<span class=\"wd-icon\"><\/span>\n\t\t\t\t\t\t\t\t\t\t\t<\/a>\n\t\t\t\t\n\t\t\t\t\n\t\t\t<\/div>\n\n\t\t\t\t\t\t\t\t\t<\/div>\n\t\t\t\t\t\t<\/div>\n\t\t\t\t\t<\/div>\n\t\t\t\t\t\t\t\n\t\t\t\t\t\t\t\t\t\t\t\t<div class=\"entry-content wd-post-desc\">\n\t\t\t\t\t\tEin eigenes Restaurant er\u00f6ffnen \u2013 der Traum vieler Gastronomen.Doch bevor Du diesen Schritt wagst, solltest du dich gut \u00fcber die Anford...\t\t\t\t\t<\/div>\n\t\t\t\t\n\t\t\t\t\t\t\t\t\t\t\t\t\t\t<p class=\"read-more-section\">\n\t\t\t\t\t\t<a class=\"btn-read-more more-link\" href=\"https:\/\/blumkaffee.com\/restaurant-eroeffnen-die-wichtigsten-punkte\/\">Weiterlesen<\/a>\t\t\t\t\t<\/p>\n\t\t\t\t\t\t\t\t\t\t\t\t\t<\/div>\n\t<\/div>\n<\/article>\n\n\t\t\t\t\t\t\t\t\t\t\t\n<article id=\"post-22197\" class=\"wd-post blog-design-mask blog-post-loop blog-style-flat wd-col post-22197 post type-post status-publish format-standard has-post-thumbnail hentry category-gastronomie category-home-barista category-rezepte\">\n\t<div class=\"article-inner\">\n\t\t<header class=\"entry-header\">\n\t\t\t\t\t\t\t<figure class=\"entry-thumbnail\">\n\t\t\t\t\t\t\t\t\t\t\t<div class=\"post-img-wrapp\">\n\t\t\t\t\t\t\t<a href=\"https:\/\/blumkaffee.com\/der-perfekte-pumpkin-spice-latte-psl\/\">\n\t\t\t\t\t\t\t\t<img width=\"768\" height=\"1024\" src=\"https:\/\/blumkaffee.com\/wp-content\/themes\/woodmart\/images\/lazy.svg\" class=\"attachment-large size-large\" alt=\"Pumpkin Spice Latte\" decoding=\"async\" srcset=\"\" sizes=\"(max-width: 768px) 100vw, 768px\" data-src=\"https:\/\/blumkaffee.com\/wp-content\/uploads\/2023\/12\/PSL-768x1024.jpg\" data-srcset=\"https:\/\/blumkaffee.com\/wp-content\/uploads\/2023\/12\/PSL-768x1024.jpg 768w, https:\/\/blumkaffee.com\/wp-content\/uploads\/2023\/12\/PSL-225x300.jpg 225w, https:\/\/blumkaffee.com\/wp-content\/uploads\/2023\/12\/PSL-1152x1536.jpg 1152w, https:\/\/blumkaffee.com\/wp-content\/uploads\/2023\/12\/PSL-1536x2048.jpg 1536w, https:\/\/blumkaffee.com\/wp-content\/uploads\/2023\/12\/PSL-860x1147.jpg 860w, https:\/\/blumkaffee.com\/wp-content\/uploads\/2023\/12\/PSL-430x573.jpg 430w, https:\/\/blumkaffee.com\/wp-content\/uploads\/2023\/12\/PSL-700x933.jpg 700w, https:\/\/blumkaffee.com\/wp-content\/uploads\/2023\/12\/PSL-150x200.jpg 150w, https:\/\/blumkaffee.com\/wp-content\/uploads\/2023\/12\/PSL-scaled.jpg 1920w\" \/>\t\t\t\t\t\t\t<\/a>\n\t\t\t\t\t\t<\/div>\n\t\t\t\t\t\t<div class=\"post-image-mask\">\n\t\t\t\t\t\t\t<span><\/span>\n\t\t\t\t\t\t<\/div>\n\t\t\t\t\t\t\t\t\t<\/figure>\n\t\t\t\n\t\t\t\t\t\t<div class=\"wd-post-date wd-style-with-bg\">\n\t\t\t\t<span class=\"post-date-day\">\n\t\t\t\t\t13\t\t\t\t<\/span>\n\t\t\t\t<span class=\"post-date-month\">\n\t\t\t\t\tDez.\t\t\t\t<\/span>\n\t\t\t<\/div>\n\t\t\t\t<\/header>\n\n\t\t<div class=\"article-body-container\">\n\t\t\t\t\t\t\t<div class=\"meta-categories-wrapp\">\n\t\t\t\t\t<div class=\"meta-post-categories wd-post-cat wd-style-with-bg\">\n\t\t\t\t\t\t<a href=\"https:\/\/blumkaffee.com\/category\/gastronomie\/\" rel=\"category tag\">Gastronomie<\/a>, <a href=\"https:\/\/blumkaffee.com\/category\/home-barista\/\" rel=\"category tag\">Home Barista<\/a>, <a href=\"https:\/\/blumkaffee.com\/category\/rezepte\/\" rel=\"category tag\">Rezepte<\/a>\t\t\t\t\t<\/div>\n\t\t\t\t<\/div>\n\t\t\t\n\t\t\t\t\t\t\t<h3 class=\"wd-entities-title title post-title\">\n\t\t\t\t\t<a href=\"https:\/\/blumkaffee.com\/der-perfekte-pumpkin-spice-latte-psl\/\" rel=\"bookmark\">Das leckerste Pumpkin Spice Latte (PSL) Rezept!<\/a>\n\t\t\t\t<\/h3>\n\t\t\t\n\t\t\t\t\t\t\t<div class=\"entry-meta wd-entry-meta\">\n\t\t\t\t\t\t\t\t<ul class=\"entry-meta-list\">\n\t\t\t\t\t\t\t\t\t<li class=\"modified-date\">\n\t\t\t\t\t\t\t\t<time class=\"updated\" datetime=\"2023-12-13T14:43:56+01:00\">\n\t\t\tDezember 13, 2023\t\t<\/time>\n\t\t\t\t\t\t\t<\/li>\n\n\t\t\t\t\t\n\t\t\t\t\t\t\t\t\t\t\t<li class=\"meta-author\">\n\t\t\t\t\t\t\t\t\t\t\t\t<span>Durch<\/span>\n\t\t\n\t\t\t\t\t<img alt='author-avatar' src=\"https:\/\/blumkaffee.com\/wp-content\/themes\/woodmart\/images\/lazy.svg\" data-src='https:\/\/secure.gravatar.com\/avatar\/5bfa769c865f582d3365725efaebb568b05fd97a2008df76157a93568b6209c6?s=32&#038;d=mm&#038;r=g' srcset=\"\" data-srcset='https:\/\/secure.gravatar.com\/avatar\/5bfa769c865f582d3365725efaebb568b05fd97a2008df76157a93568b6209c6?s=64&#038;d=mm&#038;r=g 2x' class='avatar avatar-32 photo' height='32' width='32' decoding='async'\/>\t\t\n\t\t<a href=\"https:\/\/blumkaffee.com\/author\/teamblumkaffee-ch\/\" class=\"author\" rel=\"author\">team@blumkaffee.ch<\/a>\n\t\t\t\t\t\t\t\t<\/li>\n\t\t\t\t\t\n\t\t\t\t\t\n\t\t\t\t\t\t\t\t\t\t\t<li class=\"meta-reply\">\n\t\t\t\t\t\t\t<a href=\"https:\/\/blumkaffee.com\/der-perfekte-pumpkin-spice-latte-psl\/#respond\"><span class=\"replies-count\">0<\/span> <span class=\"replies-count-label\">Bemerkungen<\/span><\/a>\t\t\t\t\t\t<\/li>\n\t\t\t\t\t\t\t\t\t\t\t\t<\/ul>\n\t\t\t\t\t\t<\/div>\n\t\t\t\t\t\t\t\t\t<div class=\"hovered-social-icons wd-tltp\">\n\t\t\t\t\t\t<div class=\"tooltip top\">\n\t\t\t\t\t\t\t<div class=\"tooltip-arrow\"><\/div>\n\t\t\t\t\t\t\t<div class=\"tooltip-inner\">\n\t\t\t\t\t\t\t\t\t\t\t<div id=\"\" class=\" wd-social-icons wd-style-default wd-size-small social-share wd-shape-circle color-scheme-light text-center\">\n\t\t\t\t\n\t\t\t\t\n\t\t\t\t\t\t\t\t\t<a rel=\"noopener noreferrer nofollow\" href=\"https:\/\/www.facebook.com\/sharer\/sharer.php?u=https:\/\/blumkaffee.com\/category\/gastronomie\/\" target=\"_blank\" class=\" wd-social-icon social-facebook\" aria-label=\"Facebook social link\">\n\t\t\t\t\t\t<span class=\"wd-icon\"><\/span>\n\t\t\t\t\t\t\t\t\t\t\t<\/a>\n\t\t\t\t\n\t\t\t\t\t\t\t\t\t<a rel=\"noopener noreferrer nofollow\" href=\"https:\/\/x.com\/share?url=https:\/\/blumkaffee.com\/category\/gastronomie\/\" target=\"_blank\" class=\" wd-social-icon social-twitter\" aria-label=\"X social link\">\n\t\t\t\t\t\t<span class=\"wd-icon\"><\/span>\n\t\t\t\t\t\t\t\t\t\t\t<\/a>\n\t\t\t\t\n\t\t\t\t\n\t\t\t\t\n\t\t\t\t\n\t\t\t\t\n\t\t\t\t\n\t\t\t\t\t\t\t\t\t<a rel=\"noopener noreferrer nofollow\" href=\"https:\/\/pinterest.com\/pin\/create\/button\/?url=https:\/\/blumkaffee.com\/category\/gastronomie\/&media=https:\/\/blumkaffee.com\/wp-content\/uploads\/2023\/12\/PSL-scaled.jpg&description=Das+leckerste+Pumpkin+Spice+Latte+%28PSL%29+Rezept%21\" target=\"_blank\" class=\" wd-social-icon social-pinterest\" aria-label=\"Pinterest social link\">\n\t\t\t\t\t\t<span class=\"wd-icon\"><\/span>\n\t\t\t\t\t\t\t\t\t\t\t<\/a>\n\t\t\t\t\n\t\t\t\t\n\t\t\t\t\t\t\t\t\t<a rel=\"noopener noreferrer nofollow\" href=\"https:\/\/www.linkedin.com\/shareArticle?mini=true&url=https:\/\/blumkaffee.com\/category\/gastronomie\/\" target=\"_blank\" class=\" wd-social-icon social-linkedin\" aria-label=\"Linkedin social link\">\n\t\t\t\t\t\t<span class=\"wd-icon\"><\/span>\n\t\t\t\t\t\t\t\t\t\t\t<\/a>\n\t\t\t\t\n\t\t\t\t\n\t\t\t\t\n\t\t\t\t\n\t\t\t\t\n\t\t\t\t\n\t\t\t\t\n\t\t\t\t\n\t\t\t\t\n\t\t\t\t\n\t\t\t\t\n\t\t\t\t\n\t\t\t\t\n\t\t\t\t\n\t\t\t\t\n\t\t\t\t\n\t\t\t\t\t\t\t\t\t<a rel=\"noopener noreferrer nofollow\" href=\"https:\/\/telegram.me\/share\/url?url=https:\/\/blumkaffee.com\/category\/gastronomie\/\" target=\"_blank\" class=\" wd-social-icon social-tg\" aria-label=\"Telegram social link\">\n\t\t\t\t\t\t<span class=\"wd-icon\"><\/span>\n\t\t\t\t\t\t\t\t\t\t\t<\/a>\n\t\t\t\t\n\t\t\t\t\n\t\t\t<\/div>\n\n\t\t\t\t\t\t\t\t\t<\/div>\n\t\t\t\t\t\t<\/div>\n\t\t\t\t\t<\/div>\n\t\t\t\t\t\t\t\n\t\t\t\t\t\t\t\t\t\t\t\t<div class=\"entry-content wd-post-desc\">\n\t\t\t\t\t\tDas beliebte Herbstgetr\u00e4nk - der Pumpkin Spice Latte!\nJeden Herbst auf's Neue, feiert der Pumpkin Spice Latte (kurz: PSL) seine Saison ...\t\t\t\t\t<\/div>\n\t\t\t\t\n\t\t\t\t\t\t\t\t\t\t\t\t\t\t<p class=\"read-more-section\">\n\t\t\t\t\t\t<a class=\"btn-read-more more-link\" href=\"https:\/\/blumkaffee.com\/der-perfekte-pumpkin-spice-latte-psl\/\">Weiterlesen<\/a>\t\t\t\t\t<\/p>\n\t\t\t\t\t\t\t\t\t\t\t\t\t<\/div>\n\t<\/div>\n<\/article>\n\n\t\t\t\t\t\t\t\t\t\t\t\n<article id=\"post-22152\" class=\"wd-post blog-design-mask blog-post-loop blog-style-flat wd-col post-22152 post type-post status-publish format-standard has-post-thumbnail hentry category-gastronomie category-home-barista\">\n\t<div class=\"article-inner\">\n\t\t<header class=\"entry-header\">\n\t\t\t\t\t\t\t<figure class=\"entry-thumbnail\">\n\t\t\t\t\t\t\t\t\t\t\t<div class=\"post-img-wrapp\">\n\t\t\t\t\t\t\t<a href=\"https:\/\/blumkaffee.com\/cappuccino-machen-so-gelingt-die-zubereitung\/\">\n\t\t\t\t\t\t\t\t<img width=\"768\" height=\"1024\" src=\"https:\/\/blumkaffee.com\/wp-content\/themes\/woodmart\/images\/lazy.svg\" class=\"attachment-large size-large\" alt=\"Cappuccino\" decoding=\"async\" srcset=\"\" sizes=\"(max-width: 768px) 100vw, 768px\" data-src=\"https:\/\/blumkaffee.com\/wp-content\/uploads\/2023\/12\/13-Arbon-Kaffeehaus-Cappuccino-8-1-scaled-1-768x1024.jpg\" data-srcset=\"https:\/\/blumkaffee.com\/wp-content\/uploads\/2023\/12\/13-Arbon-Kaffeehaus-Cappuccino-8-1-scaled-1-768x1024.jpg 768w, https:\/\/blumkaffee.com\/wp-content\/uploads\/2023\/12\/13-Arbon-Kaffeehaus-Cappuccino-8-1-scaled-1-225x300.jpg 225w, https:\/\/blumkaffee.com\/wp-content\/uploads\/2023\/12\/13-Arbon-Kaffeehaus-Cappuccino-8-1-scaled-1-1152x1536.jpg 1152w, https:\/\/blumkaffee.com\/wp-content\/uploads\/2023\/12\/13-Arbon-Kaffeehaus-Cappuccino-8-1-scaled-1-1536x2048.jpg 1536w, https:\/\/blumkaffee.com\/wp-content\/uploads\/2023\/12\/13-Arbon-Kaffeehaus-Cappuccino-8-1-scaled-1-860x1147.jpg 860w, https:\/\/blumkaffee.com\/wp-content\/uploads\/2023\/12\/13-Arbon-Kaffeehaus-Cappuccino-8-1-scaled-1-430x573.jpg 430w, https:\/\/blumkaffee.com\/wp-content\/uploads\/2023\/12\/13-Arbon-Kaffeehaus-Cappuccino-8-1-scaled-1-700x933.jpg 700w, https:\/\/blumkaffee.com\/wp-content\/uploads\/2023\/12\/13-Arbon-Kaffeehaus-Cappuccino-8-1-scaled-1-150x200.jpg 150w, https:\/\/blumkaffee.com\/wp-content\/uploads\/2023\/12\/13-Arbon-Kaffeehaus-Cappuccino-8-1-scaled-1.jpg 1920w\" \/>\t\t\t\t\t\t\t<\/a>\n\t\t\t\t\t\t<\/div>\n\t\t\t\t\t\t<div class=\"post-image-mask\">\n\t\t\t\t\t\t\t<span><\/span>\n\t\t\t\t\t\t<\/div>\n\t\t\t\t\t\t\t\t\t<\/figure>\n\t\t\t\n\t\t\t\t\t\t<div class=\"wd-post-date wd-style-with-bg\">\n\t\t\t\t<span class=\"post-date-day\">\n\t\t\t\t\t13\t\t\t\t<\/span>\n\t\t\t\t<span class=\"post-date-month\">\n\t\t\t\t\tDez.\t\t\t\t<\/span>\n\t\t\t<\/div>\n\t\t\t\t<\/header>\n\n\t\t<div class=\"article-body-container\">\n\t\t\t\t\t\t\t<div class=\"meta-categories-wrapp\">\n\t\t\t\t\t<div class=\"meta-post-categories wd-post-cat wd-style-with-bg\">\n\t\t\t\t\t\t<a href=\"https:\/\/blumkaffee.com\/category\/gastronomie\/\" rel=\"category tag\">Gastronomie<\/a>, <a href=\"https:\/\/blumkaffee.com\/category\/home-barista\/\" rel=\"category tag\">Home Barista<\/a>\t\t\t\t\t<\/div>\n\t\t\t\t<\/div>\n\t\t\t\n\t\t\t\t\t\t\t<h3 class=\"wd-entities-title title post-title\">\n\t\t\t\t\t<a href=\"https:\/\/blumkaffee.com\/cappuccino-machen-so-gelingt-die-zubereitung\/\" rel=\"bookmark\">Cappuccino machen \u2013 so gelingt die Zubereitung!<\/a>\n\t\t\t\t<\/h3>\n\t\t\t\n\t\t\t\t\t\t\t<div class=\"entry-meta wd-entry-meta\">\n\t\t\t\t\t\t\t\t<ul class=\"entry-meta-list\">\n\t\t\t\t\t\t\t\t\t<li class=\"modified-date\">\n\t\t\t\t\t\t\t\t<time class=\"updated\" datetime=\"2023-12-13T16:31:22+01:00\">\n\t\t\tDezember 13, 2023\t\t<\/time>\n\t\t\t\t\t\t\t<\/li>\n\n\t\t\t\t\t\n\t\t\t\t\t\t\t\t\t\t\t<li class=\"meta-author\">\n\t\t\t\t\t\t\t\t\t\t\t\t<span>Durch<\/span>\n\t\t\n\t\t\t\t\t<img alt='author-avatar' src=\"https:\/\/blumkaffee.com\/wp-content\/themes\/woodmart\/images\/lazy.svg\" data-src='https:\/\/secure.gravatar.com\/avatar\/5bfa769c865f582d3365725efaebb568b05fd97a2008df76157a93568b6209c6?s=32&#038;d=mm&#038;r=g' srcset=\"\" data-srcset='https:\/\/secure.gravatar.com\/avatar\/5bfa769c865f582d3365725efaebb568b05fd97a2008df76157a93568b6209c6?s=64&#038;d=mm&#038;r=g 2x' class='avatar avatar-32 photo' height='32' width='32' decoding='async'\/>\t\t\n\t\t<a href=\"https:\/\/blumkaffee.com\/author\/teamblumkaffee-ch\/\" class=\"author\" rel=\"author\">team@blumkaffee.ch<\/a>\n\t\t\t\t\t\t\t\t<\/li>\n\t\t\t\t\t\n\t\t\t\t\t\n\t\t\t\t\t\t\t\t\t\t\t<li class=\"meta-reply\">\n\t\t\t\t\t\t\t<a href=\"https:\/\/blumkaffee.com\/cappuccino-machen-so-gelingt-die-zubereitung\/#respond\"><span class=\"replies-count\">0<\/span> <span class=\"replies-count-label\">Bemerkungen<\/span><\/a>\t\t\t\t\t\t<\/li>\n\t\t\t\t\t\t\t\t\t\t\t\t<\/ul>\n\t\t\t\t\t\t<\/div>\n\t\t\t\t\t\t\t\t\t<div class=\"hovered-social-icons wd-tltp\">\n\t\t\t\t\t\t<div class=\"tooltip top\">\n\t\t\t\t\t\t\t<div class=\"tooltip-arrow\"><\/div>\n\t\t\t\t\t\t\t<div class=\"tooltip-inner\">\n\t\t\t\t\t\t\t\t\t\t\t<div id=\"\" class=\" wd-social-icons wd-style-default wd-size-small social-share wd-shape-circle color-scheme-light text-center\">\n\t\t\t\t\n\t\t\t\t\n\t\t\t\t\t\t\t\t\t<a rel=\"noopener noreferrer nofollow\" href=\"https:\/\/www.facebook.com\/sharer\/sharer.php?u=https:\/\/blumkaffee.com\/category\/gastronomie\/\" target=\"_blank\" class=\" wd-social-icon social-facebook\" aria-label=\"Facebook social link\">\n\t\t\t\t\t\t<span class=\"wd-icon\"><\/span>\n\t\t\t\t\t\t\t\t\t\t\t<\/a>\n\t\t\t\t\n\t\t\t\t\t\t\t\t\t<a rel=\"noopener noreferrer nofollow\" href=\"https:\/\/x.com\/share?url=https:\/\/blumkaffee.com\/category\/gastronomie\/\" target=\"_blank\" class=\" wd-social-icon social-twitter\" aria-label=\"X social link\">\n\t\t\t\t\t\t<span class=\"wd-icon\"><\/span>\n\t\t\t\t\t\t\t\t\t\t\t<\/a>\n\t\t\t\t\n\t\t\t\t\n\t\t\t\t\n\t\t\t\t\n\t\t\t\t\n\t\t\t\t\n\t\t\t\t\t\t\t\t\t<a rel=\"noopener noreferrer nofollow\" href=\"https:\/\/pinterest.com\/pin\/create\/button\/?url=https:\/\/blumkaffee.com\/category\/gastronomie\/&media=https:\/\/blumkaffee.com\/wp-content\/uploads\/2023\/12\/13-Arbon-Kaffeehaus-Cappuccino-8-1-scaled-1.jpg&description=Cappuccino+machen+%E2%80%93+so+gelingt+die+Zubereitung%21\" target=\"_blank\" class=\" wd-social-icon social-pinterest\" aria-label=\"Pinterest social link\">\n\t\t\t\t\t\t<span class=\"wd-icon\"><\/span>\n\t\t\t\t\t\t\t\t\t\t\t<\/a>\n\t\t\t\t\n\t\t\t\t\n\t\t\t\t\t\t\t\t\t<a rel=\"noopener noreferrer nofollow\" href=\"https:\/\/www.linkedin.com\/shareArticle?mini=true&url=https:\/\/blumkaffee.com\/category\/gastronomie\/\" target=\"_blank\" class=\" wd-social-icon social-linkedin\" aria-label=\"Linkedin social link\">\n\t\t\t\t\t\t<span class=\"wd-icon\"><\/span>\n\t\t\t\t\t\t\t\t\t\t\t<\/a>\n\t\t\t\t\n\t\t\t\t\n\t\t\t\t\n\t\t\t\t\n\t\t\t\t\n\t\t\t\t\n\t\t\t\t\n\t\t\t\t\n\t\t\t\t\n\t\t\t\t\n\t\t\t\t\n\t\t\t\t\n\t\t\t\t\n\t\t\t\t\n\t\t\t\t\n\t\t\t\t\n\t\t\t\t\t\t\t\t\t<a rel=\"noopener noreferrer nofollow\" href=\"https:\/\/telegram.me\/share\/url?url=https:\/\/blumkaffee.com\/category\/gastronomie\/\" target=\"_blank\" class=\" wd-social-icon social-tg\" aria-label=\"Telegram social link\">\n\t\t\t\t\t\t<span class=\"wd-icon\"><\/span>\n\t\t\t\t\t\t\t\t\t\t\t<\/a>\n\t\t\t\t\n\t\t\t\t\n\t\t\t<\/div>\n\n\t\t\t\t\t\t\t\t\t<\/div>\n\t\t\t\t\t\t<\/div>\n\t\t\t\t\t<\/div>\n\t\t\t\t\t\t\t\n\t\t\t\t\t\t\t\t\t\t\t\t<div class=\"entry-content wd-post-desc\">\n\t\t\t\t\t\tWie du den perfekten Cappuccino machen kannst am Siebtr\u00e4gerF\u00fcr viele Kaffeeliebhaber ist der Cappuccino ein absoluter Favorit unter den...\t\t\t\t\t<\/div>\n\t\t\t\t\n\t\t\t\t\t\t\t\t\t\t\t\t\t\t<p class=\"read-more-section\">\n\t\t\t\t\t\t<a class=\"btn-read-more more-link\" href=\"https:\/\/blumkaffee.com\/cappuccino-machen-so-gelingt-die-zubereitung\/\">Weiterlesen<\/a>\t\t\t\t\t<\/p>\n\t\t\t\t\t\t\t\t\t\t\t\t\t<\/div>\n\t<\/div>\n<\/article>\n\n\t\t\t\t\t\t\t\t\t\t\t\n<article id=\"post-22144\" class=\"wd-post blog-design-mask blog-post-loop blog-style-flat wd-col post-22144 post type-post status-publish format-standard has-post-thumbnail hentry category-gastronomie category-home-barista\">\n\t<div class=\"article-inner\">\n\t\t<header class=\"entry-header\">\n\t\t\t\t\t\t\t<figure class=\"entry-thumbnail\">\n\t\t\t\t\t\t\t\t\t\t\t<div class=\"post-img-wrapp\">\n\t\t\t\t\t\t\t<a href=\"https:\/\/blumkaffee.com\/cafe-kaffee-caffee-caffe-cafe-unterschied\/\">\n\t\t\t\t\t\t\t\t<img width=\"1024\" height=\"683\" src=\"https:\/\/blumkaffee.com\/wp-content\/themes\/woodmart\/images\/lazy.svg\" class=\"attachment-large size-large\" alt=\"caf\u00e9\" decoding=\"async\" srcset=\"\" sizes=\"(max-width: 1024px) 100vw, 1024px\" data-src=\"https:\/\/blumkaffee.com\/wp-content\/uploads\/2023\/12\/11-Farm-9-1024x683.jpeg\" data-srcset=\"https:\/\/blumkaffee.com\/wp-content\/uploads\/2023\/12\/11-Farm-9-1024x683.jpeg 1024w, https:\/\/blumkaffee.com\/wp-content\/uploads\/2023\/12\/11-Farm-9-300x200.jpeg 300w, https:\/\/blumkaffee.com\/wp-content\/uploads\/2023\/12\/11-Farm-9-768x512.jpeg 768w, https:\/\/blumkaffee.com\/wp-content\/uploads\/2023\/12\/11-Farm-9-860x573.jpeg 860w, https:\/\/blumkaffee.com\/wp-content\/uploads\/2023\/12\/11-Farm-9-430x287.jpeg 430w, https:\/\/blumkaffee.com\/wp-content\/uploads\/2023\/12\/11-Farm-9-700x467.jpeg 700w, https:\/\/blumkaffee.com\/wp-content\/uploads\/2023\/12\/11-Farm-9-150x100.jpeg 150w, https:\/\/blumkaffee.com\/wp-content\/uploads\/2023\/12\/11-Farm-9.jpeg 1200w\" \/>\t\t\t\t\t\t\t<\/a>\n\t\t\t\t\t\t<\/div>\n\t\t\t\t\t\t<div class=\"post-image-mask\">\n\t\t\t\t\t\t\t<span><\/span>\n\t\t\t\t\t\t<\/div>\n\t\t\t\t\t\t\t\t\t<\/figure>\n\t\t\t\n\t\t\t\t\t\t<div class=\"wd-post-date wd-style-with-bg\">\n\t\t\t\t<span class=\"post-date-day\">\n\t\t\t\t\t13\t\t\t\t<\/span>\n\t\t\t\t<span class=\"post-date-month\">\n\t\t\t\t\tDez.\t\t\t\t<\/span>\n\t\t\t<\/div>\n\t\t\t\t<\/header>\n\n\t\t<div class=\"article-body-container\">\n\t\t\t\t\t\t\t<div class=\"meta-categories-wrapp\">\n\t\t\t\t\t<div class=\"meta-post-categories wd-post-cat wd-style-with-bg\">\n\t\t\t\t\t\t<a href=\"https:\/\/blumkaffee.com\/category\/gastronomie\/\" rel=\"category tag\">Gastronomie<\/a>, <a href=\"https:\/\/blumkaffee.com\/category\/home-barista\/\" rel=\"category tag\">Home Barista<\/a>\t\t\t\t\t<\/div>\n\t\t\t\t<\/div>\n\t\t\t\n\t\t\t\t\t\t\t<h3 class=\"wd-entities-title title post-title\">\n\t\t\t\t\t<a href=\"https:\/\/blumkaffee.com\/cafe-kaffee-caffee-caffe-cafe-unterschied\/\" rel=\"bookmark\">Caf\u00e9, Kaffee, caffee, Caffe, Caf\u00e8\u2026was ist der Unterschied?!\u00a0<\/a>\n\t\t\t\t<\/h3>\n\t\t\t\n\t\t\t\t\t\t\t<div class=\"entry-meta wd-entry-meta\">\n\t\t\t\t\t\t\t\t<ul class=\"entry-meta-list\">\n\t\t\t\t\t\t\t\t\t<li class=\"modified-date\">\n\t\t\t\t\t\t\t\t<time class=\"updated\" datetime=\"2023-12-13T12:46:44+01:00\">\n\t\t\tDezember 13, 2023\t\t<\/time>\n\t\t\t\t\t\t\t<\/li>\n\n\t\t\t\t\t\n\t\t\t\t\t\t\t\t\t\t\t<li class=\"meta-author\">\n\t\t\t\t\t\t\t\t\t\t\t\t<span>Durch<\/span>\n\t\t\n\t\t\t\t\t<img alt='author-avatar' src=\"https:\/\/blumkaffee.com\/wp-content\/themes\/woodmart\/images\/lazy.svg\" data-src='https:\/\/secure.gravatar.com\/avatar\/5bfa769c865f582d3365725efaebb568b05fd97a2008df76157a93568b6209c6?s=32&#038;d=mm&#038;r=g' srcset=\"\" data-srcset='https:\/\/secure.gravatar.com\/avatar\/5bfa769c865f582d3365725efaebb568b05fd97a2008df76157a93568b6209c6?s=64&#038;d=mm&#038;r=g 2x' class='avatar avatar-32 photo' height='32' width='32' decoding='async'\/>\t\t\n\t\t<a href=\"https:\/\/blumkaffee.com\/author\/teamblumkaffee-ch\/\" class=\"author\" rel=\"author\">team@blumkaffee.ch<\/a>\n\t\t\t\t\t\t\t\t<\/li>\n\t\t\t\t\t\n\t\t\t\t\t\n\t\t\t\t\t\t\t\t\t\t\t<li class=\"meta-reply\">\n\t\t\t\t\t\t\t<a href=\"https:\/\/blumkaffee.com\/cafe-kaffee-caffee-caffe-cafe-unterschied\/#respond\"><span class=\"replies-count\">0<\/span> <span class=\"replies-count-label\">Bemerkungen<\/span><\/a>\t\t\t\t\t\t<\/li>\n\t\t\t\t\t\t\t\t\t\t\t\t<\/ul>\n\t\t\t\t\t\t<\/div>\n\t\t\t\t\t\t\t\t\t<div class=\"hovered-social-icons wd-tltp\">\n\t\t\t\t\t\t<div class=\"tooltip top\">\n\t\t\t\t\t\t\t<div class=\"tooltip-arrow\"><\/div>\n\t\t\t\t\t\t\t<div class=\"tooltip-inner\">\n\t\t\t\t\t\t\t\t\t\t\t<div id=\"\" class=\" wd-social-icons wd-style-default wd-size-small social-share wd-shape-circle color-scheme-light text-center\">\n\t\t\t\t\n\t\t\t\t\n\t\t\t\t\t\t\t\t\t<a rel=\"noopener noreferrer nofollow\" href=\"https:\/\/www.facebook.com\/sharer\/sharer.php?u=https:\/\/blumkaffee.com\/category\/gastronomie\/\" target=\"_blank\" class=\" wd-social-icon social-facebook\" aria-label=\"Facebook social link\">\n\t\t\t\t\t\t<span class=\"wd-icon\"><\/span>\n\t\t\t\t\t\t\t\t\t\t\t<\/a>\n\t\t\t\t\n\t\t\t\t\t\t\t\t\t<a rel=\"noopener noreferrer nofollow\" href=\"https:\/\/x.com\/share?url=https:\/\/blumkaffee.com\/category\/gastronomie\/\" target=\"_blank\" class=\" wd-social-icon social-twitter\" aria-label=\"X social link\">\n\t\t\t\t\t\t<span class=\"wd-icon\"><\/span>\n\t\t\t\t\t\t\t\t\t\t\t<\/a>\n\t\t\t\t\n\t\t\t\t\n\t\t\t\t\n\t\t\t\t\n\t\t\t\t\n\t\t\t\t\n\t\t\t\t\t\t\t\t\t<a rel=\"noopener noreferrer nofollow\" href=\"https:\/\/pinterest.com\/pin\/create\/button\/?url=https:\/\/blumkaffee.com\/category\/gastronomie\/&media=https:\/\/blumkaffee.com\/wp-content\/uploads\/2023\/12\/11-Farm-9.jpeg&description=Caf%C3%A9%2C+Kaffee%2C+caffee%2C+Caffe%2C+Caf%C3%A8%E2%80%A6was+ist+der+Unterschied%3F%21%C2%A0\" target=\"_blank\" class=\" wd-social-icon social-pinterest\" aria-label=\"Pinterest social link\">\n\t\t\t\t\t\t<span class=\"wd-icon\"><\/span>\n\t\t\t\t\t\t\t\t\t\t\t<\/a>\n\t\t\t\t\n\t\t\t\t\n\t\t\t\t\t\t\t\t\t<a rel=\"noopener noreferrer nofollow\" href=\"https:\/\/www.linkedin.com\/shareArticle?mini=true&url=https:\/\/blumkaffee.com\/category\/gastronomie\/\" target=\"_blank\" class=\" wd-social-icon social-linkedin\" aria-label=\"Linkedin social link\">\n\t\t\t\t\t\t<span class=\"wd-icon\"><\/span>\n\t\t\t\t\t\t\t\t\t\t\t<\/a>\n\t\t\t\t\n\t\t\t\t\n\t\t\t\t\n\t\t\t\t\n\t\t\t\t\n\t\t\t\t\n\t\t\t\t\n\t\t\t\t\n\t\t\t\t\n\t\t\t\t\n\t\t\t\t\n\t\t\t\t\n\t\t\t\t\n\t\t\t\t\n\t\t\t\t\n\t\t\t\t\n\t\t\t\t\t\t\t\t\t<a rel=\"noopener noreferrer nofollow\" href=\"https:\/\/telegram.me\/share\/url?url=https:\/\/blumkaffee.com\/category\/gastronomie\/\" target=\"_blank\" class=\" wd-social-icon social-tg\" aria-label=\"Telegram social link\">\n\t\t\t\t\t\t<span class=\"wd-icon\"><\/span>\n\t\t\t\t\t\t\t\t\t\t\t<\/a>\n\t\t\t\t\n\t\t\t\t\n\t\t\t<\/div>\n\n\t\t\t\t\t\t\t\t\t<\/div>\n\t\t\t\t\t\t<\/div>\n\t\t\t\t\t<\/div>\n\t\t\t\t\t\t\t\n\t\t\t\t\t\t\t\t\t\t\t\t<div class=\"entry-content wd-post-desc\">\n\t\t\t\t\t\tCaf\u00e9, Kaffee, caffee, Caffe, Caf\u00e8...Mamma mia! Es gibt so viele verschiedene Schreibweisen f\u00fcr das Wort Kaffee dass wir versuchen, etwa...\t\t\t\t\t<\/div>\n\t\t\t\t\n\t\t\t\t\t\t\t\t\t\t\t\t\t\t<p class=\"read-more-section\">\n\t\t\t\t\t\t<a class=\"btn-read-more more-link\" href=\"https:\/\/blumkaffee.com\/cafe-kaffee-caffee-caffe-cafe-unterschied\/\">Weiterlesen<\/a>\t\t\t\t\t<\/p>\n\t\t\t\t\t\t\t\t\t\t\t\t\t<\/div>\n\t<\/div>\n<\/article>\n\n\t\t\t\t\t\t\t\t\t\t\t\n<article id=\"post-21533\" class=\"wd-post blog-design-mask blog-post-loop blog-style-flat wd-col post-21533 post type-post status-publish format-standard has-post-thumbnail hentry category-gastronomie\">\n\t<div class=\"article-inner\">\n\t\t<header class=\"entry-header\">\n\t\t\t\t\t\t\t<figure class=\"entry-thumbnail\">\n\t\t\t\t\t\t\t\t\t\t\t<div class=\"post-img-wrapp\">\n\t\t\t\t\t\t\t<a href=\"https:\/\/blumkaffee.com\/baeckerei-cafe-backstube-huber-widnau\/\">\n\t\t\t\t\t\t\t\t<img width=\"1024\" height=\"683\" src=\"https:\/\/blumkaffee.com\/wp-content\/themes\/woodmart\/images\/lazy.svg\" class=\"attachment-large size-large\" alt=\"B\u00e4ckerei Cafe\" decoding=\"async\" srcset=\"\" sizes=\"(max-width: 1024px) 100vw, 1024px\" data-src=\"https:\/\/blumkaffee.com\/wp-content\/uploads\/2023\/11\/18-Backstube-Widnau-Blog-8-1024x683.jpg\" data-srcset=\"https:\/\/blumkaffee.com\/wp-content\/uploads\/2023\/11\/18-Backstube-Widnau-Blog-8-1024x683.jpg 1024w, https:\/\/blumkaffee.com\/wp-content\/uploads\/2023\/11\/18-Backstube-Widnau-Blog-8-300x200.jpg 300w, https:\/\/blumkaffee.com\/wp-content\/uploads\/2023\/11\/18-Backstube-Widnau-Blog-8-768x512.jpg 768w, https:\/\/blumkaffee.com\/wp-content\/uploads\/2023\/11\/18-Backstube-Widnau-Blog-8-1536x1024.jpg 1536w, https:\/\/blumkaffee.com\/wp-content\/uploads\/2023\/11\/18-Backstube-Widnau-Blog-8-2048x1365.jpg 2048w, https:\/\/blumkaffee.com\/wp-content\/uploads\/2023\/11\/18-Backstube-Widnau-Blog-8-860x573.jpg 860w, https:\/\/blumkaffee.com\/wp-content\/uploads\/2023\/11\/18-Backstube-Widnau-Blog-8-430x287.jpg 430w, https:\/\/blumkaffee.com\/wp-content\/uploads\/2023\/11\/18-Backstube-Widnau-Blog-8-700x467.jpg 700w, https:\/\/blumkaffee.com\/wp-content\/uploads\/2023\/11\/18-Backstube-Widnau-Blog-8-150x100.jpg 150w\" \/>\t\t\t\t\t\t\t<\/a>\n\t\t\t\t\t\t<\/div>\n\t\t\t\t\t\t<div class=\"post-image-mask\">\n\t\t\t\t\t\t\t<span><\/span>\n\t\t\t\t\t\t<\/div>\n\t\t\t\t\t\t\t\t\t<\/figure>\n\t\t\t\n\t\t\t\t\t\t<div class=\"wd-post-date wd-style-with-bg\">\n\t\t\t\t<span class=\"post-date-day\">\n\t\t\t\t\t23\t\t\t\t<\/span>\n\t\t\t\t<span class=\"post-date-month\">\n\t\t\t\t\tNov.\t\t\t\t<\/span>\n\t\t\t<\/div>\n\t\t\t\t<\/header>\n\n\t\t<div class=\"article-body-container\">\n\t\t\t\t\t\t\t<div class=\"meta-categories-wrapp\">\n\t\t\t\t\t<div class=\"meta-post-categories wd-post-cat wd-style-with-bg\">\n\t\t\t\t\t\t<a href=\"https:\/\/blumkaffee.com\/category\/gastronomie\/\" rel=\"category tag\">Gastronomie<\/a>\t\t\t\t\t<\/div>\n\t\t\t\t<\/div>\n\t\t\t\n\t\t\t\t\t\t\t<h3 class=\"wd-entities-title title post-title\">\n\t\t\t\t\t<a href=\"https:\/\/blumkaffee.com\/baeckerei-cafe-backstube-huber-widnau\/\" rel=\"bookmark\">Backstube Huber Widnau \u2013 Neubau und neuer Kaffee im B\u00e4ckerei Caf\u00e9<\/a>\n\t\t\t\t<\/h3>\n\t\t\t\n\t\t\t\t\t\t\t<div class=\"entry-meta wd-entry-meta\">\n\t\t\t\t\t\t\t\t<ul class=\"entry-meta-list\">\n\t\t\t\t\t\t\t\t\t<li class=\"modified-date\">\n\t\t\t\t\t\t\t\t<time class=\"updated\" datetime=\"2023-11-23T16:37:12+01:00\">\n\t\t\tNovember 23, 2023\t\t<\/time>\n\t\t\t\t\t\t\t<\/li>\n\n\t\t\t\t\t\n\t\t\t\t\t\t\t\t\t\t\t<li class=\"meta-author\">\n\t\t\t\t\t\t\t\t\t\t\t\t<span>Durch<\/span>\n\t\t\n\t\t\t\t\t<img alt='author-avatar' src=\"https:\/\/blumkaffee.com\/wp-content\/themes\/woodmart\/images\/lazy.svg\" data-src='https:\/\/secure.gravatar.com\/avatar\/5bfa769c865f582d3365725efaebb568b05fd97a2008df76157a93568b6209c6?s=32&#038;d=mm&#038;r=g' srcset=\"\" data-srcset='https:\/\/secure.gravatar.com\/avatar\/5bfa769c865f582d3365725efaebb568b05fd97a2008df76157a93568b6209c6?s=64&#038;d=mm&#038;r=g 2x' class='avatar avatar-32 photo' height='32' width='32' decoding='async'\/>\t\t\n\t\t<a href=\"https:\/\/blumkaffee.com\/author\/teamblumkaffee-ch\/\" class=\"author\" rel=\"author\">team@blumkaffee.ch<\/a>\n\t\t\t\t\t\t\t\t<\/li>\n\t\t\t\t\t\n\t\t\t\t\t\n\t\t\t\t\t\t\t\t\t\t\t<li class=\"meta-reply\">\n\t\t\t\t\t\t\t<a href=\"https:\/\/blumkaffee.com\/baeckerei-cafe-backstube-huber-widnau\/#respond\"><span class=\"replies-count\">0<\/span> <span class=\"replies-count-label\">Bemerkungen<\/span><\/a>\t\t\t\t\t\t<\/li>\n\t\t\t\t\t\t\t\t\t\t\t\t<\/ul>\n\t\t\t\t\t\t<\/div>\n\t\t\t\t\t\t\t\t\t<div class=\"hovered-social-icons wd-tltp\">\n\t\t\t\t\t\t<div class=\"tooltip top\">\n\t\t\t\t\t\t\t<div class=\"tooltip-arrow\"><\/div>\n\t\t\t\t\t\t\t<div class=\"tooltip-inner\">\n\t\t\t\t\t\t\t\t\t\t\t<div id=\"\" class=\" wd-social-icons wd-style-default wd-size-small social-share wd-shape-circle color-scheme-light text-center\">\n\t\t\t\t\n\t\t\t\t\n\t\t\t\t\t\t\t\t\t<a rel=\"noopener noreferrer nofollow\" href=\"https:\/\/www.facebook.com\/sharer\/sharer.php?u=https:\/\/blumkaffee.com\/category\/gastronomie\/\" target=\"_blank\" class=\" wd-social-icon social-facebook\" aria-label=\"Facebook social link\">\n\t\t\t\t\t\t<span class=\"wd-icon\"><\/span>\n\t\t\t\t\t\t\t\t\t\t\t<\/a>\n\t\t\t\t\n\t\t\t\t\t\t\t\t\t<a rel=\"noopener noreferrer nofollow\" href=\"https:\/\/x.com\/share?url=https:\/\/blumkaffee.com\/category\/gastronomie\/\" target=\"_blank\" class=\" wd-social-icon social-twitter\" aria-label=\"X social link\">\n\t\t\t\t\t\t<span class=\"wd-icon\"><\/span>\n\t\t\t\t\t\t\t\t\t\t\t<\/a>\n\t\t\t\t\n\t\t\t\t\n\t\t\t\t\n\t\t\t\t\n\t\t\t\t\n\t\t\t\t\n\t\t\t\t\t\t\t\t\t<a rel=\"noopener noreferrer nofollow\" href=\"https:\/\/pinterest.com\/pin\/create\/button\/?url=https:\/\/blumkaffee.com\/category\/gastronomie\/&media=https:\/\/blumkaffee.com\/wp-content\/uploads\/2023\/11\/18-Backstube-Widnau-Blog-8-scaled.jpg&description=Backstube+Huber+Widnau+%E2%80%93+Neubau+und+neuer+Kaffee+im+B%C3%A4ckerei+Caf%C3%A9\" target=\"_blank\" class=\" wd-social-icon social-pinterest\" aria-label=\"Pinterest social link\">\n\t\t\t\t\t\t<span class=\"wd-icon\"><\/span>\n\t\t\t\t\t\t\t\t\t\t\t<\/a>\n\t\t\t\t\n\t\t\t\t\n\t\t\t\t\t\t\t\t\t<a rel=\"noopener noreferrer nofollow\" href=\"https:\/\/www.linkedin.com\/shareArticle?mini=true&url=https:\/\/blumkaffee.com\/category\/gastronomie\/\" target=\"_blank\" class=\" wd-social-icon social-linkedin\" aria-label=\"Linkedin social link\">\n\t\t\t\t\t\t<span class=\"wd-icon\"><\/span>\n\t\t\t\t\t\t\t\t\t\t\t<\/a>\n\t\t\t\t\n\t\t\t\t\n\t\t\t\t\n\t\t\t\t\n\t\t\t\t\n\t\t\t\t\n\t\t\t\t\n\t\t\t\t\n\t\t\t\t\n\t\t\t\t\n\t\t\t\t\n\t\t\t\t\n\t\t\t\t\n\t\t\t\t\n\t\t\t\t\n\t\t\t\t\n\t\t\t\t\t\t\t\t\t<a rel=\"noopener noreferrer nofollow\" href=\"https:\/\/telegram.me\/share\/url?url=https:\/\/blumkaffee.com\/category\/gastronomie\/\" target=\"_blank\" class=\" wd-social-icon social-tg\" aria-label=\"Telegram social link\">\n\t\t\t\t\t\t<span class=\"wd-icon\"><\/span>\n\t\t\t\t\t\t\t\t\t\t\t<\/a>\n\t\t\t\t\n\t\t\t\t\n\t\t\t<\/div>\n\n\t\t\t\t\t\t\t\t\t<\/div>\n\t\t\t\t\t\t<\/div>\n\t\t\t\t\t<\/div>\n\t\t\t\t\t\t\t\n\t\t\t\t\t\t\t\t\t\t\t\t<div class=\"entry-content wd-post-desc\">\n\t\t\t\t\t\tDas Team hinter dem B\u00e4ckerei Cafe - Backstube Huber WidnauDie Backstube Huber ist im Rheintal bekannt als B\u00e4ckerei Cafe: Der Familienbe...\t\t\t\t\t<\/div>\n\t\t\t\t\n\t\t\t\t\t\t\t\t\t\t\t\t\t\t<p class=\"read-more-section\">\n\t\t\t\t\t\t<a class=\"btn-read-more more-link\" href=\"https:\/\/blumkaffee.com\/baeckerei-cafe-backstube-huber-widnau\/\">Weiterlesen<\/a>\t\t\t\t\t<\/p>\n\t\t\t\t\t\t\t\t\t\t\t\t\t<\/div>\n\t<\/div>\n<\/article>\n\n\t\t\t\t\t\t\t\t\t\t\t\n<article id=\"post-21253\" class=\"wd-post blog-design-mask blog-post-loop blog-style-flat wd-col post-21253 post type-post status-publish format-standard has-post-thumbnail hentry category-home-barista category-gastronomie\">\n\t<div class=\"article-inner\">\n\t\t<header class=\"entry-header\">\n\t\t\t\t\t\t\t<figure class=\"entry-thumbnail\">\n\t\t\t\t\t\t\t\t\t\t\t<div class=\"post-img-wrapp\">\n\t\t\t\t\t\t\t<a href=\"https:\/\/blumkaffee.com\/espresso-zubereitung-siebtraegerkaffeemaschine\/\">\n\t\t\t\t\t\t\t\t<img width=\"1024\" height=\"1024\" src=\"https:\/\/blumkaffee.com\/wp-content\/themes\/woodmart\/images\/lazy.svg\" class=\"attachment-large size-large\" alt=\"Siebtr\u00e4gerkaffeemaschine\" decoding=\"async\" srcset=\"\" sizes=\"(max-width: 1024px) 100vw, 1024px\" data-src=\"https:\/\/blumkaffee.com\/wp-content\/uploads\/2023\/11\/20-Bezzera-Siebtraeger-einspannen-2-1-1024x1024.jpg\" data-srcset=\"https:\/\/blumkaffee.com\/wp-content\/uploads\/2023\/11\/20-Bezzera-Siebtraeger-einspannen-2-1-1024x1024.jpg 1024w, https:\/\/blumkaffee.com\/wp-content\/uploads\/2023\/11\/20-Bezzera-Siebtraeger-einspannen-2-1-300x300.jpg 300w, https:\/\/blumkaffee.com\/wp-content\/uploads\/2023\/11\/20-Bezzera-Siebtraeger-einspannen-2-1-150x150.jpg 150w, https:\/\/blumkaffee.com\/wp-content\/uploads\/2023\/11\/20-Bezzera-Siebtraeger-einspannen-2-1-768x768.jpg 768w, https:\/\/blumkaffee.com\/wp-content\/uploads\/2023\/11\/20-Bezzera-Siebtraeger-einspannen-2-1-1536x1536.jpg 1536w, https:\/\/blumkaffee.com\/wp-content\/uploads\/2023\/11\/20-Bezzera-Siebtraeger-einspannen-2-1-860x860.jpg 860w, https:\/\/blumkaffee.com\/wp-content\/uploads\/2023\/11\/20-Bezzera-Siebtraeger-einspannen-2-1-430x430.jpg 430w, https:\/\/blumkaffee.com\/wp-content\/uploads\/2023\/11\/20-Bezzera-Siebtraeger-einspannen-2-1-700x700.jpg 700w, https:\/\/blumkaffee.com\/wp-content\/uploads\/2023\/11\/20-Bezzera-Siebtraeger-einspannen-2-1.jpg 2048w\" \/>\t\t\t\t\t\t\t<\/a>\n\t\t\t\t\t\t<\/div>\n\t\t\t\t\t\t<div class=\"post-image-mask\">\n\t\t\t\t\t\t\t<span><\/span>\n\t\t\t\t\t\t<\/div>\n\t\t\t\t\t\t\t\t\t<\/figure>\n\t\t\t\n\t\t\t\t\t\t<div class=\"wd-post-date wd-style-with-bg\">\n\t\t\t\t<span class=\"post-date-day\">\n\t\t\t\t\t23\t\t\t\t<\/span>\n\t\t\t\t<span class=\"post-date-month\">\n\t\t\t\t\tNov.\t\t\t\t<\/span>\n\t\t\t<\/div>\n\t\t\t\t<\/header>\n\n\t\t<div class=\"article-body-container\">\n\t\t\t\t\t\t\t<div class=\"meta-categories-wrapp\">\n\t\t\t\t\t<div class=\"meta-post-categories wd-post-cat wd-style-with-bg\">\n\t\t\t\t\t\t<a href=\"https:\/\/blumkaffee.com\/category\/home-barista\/\" rel=\"category tag\">Home Barista<\/a>, <a href=\"https:\/\/blumkaffee.com\/category\/gastronomie\/\" rel=\"category tag\">Gastronomie<\/a>\t\t\t\t\t<\/div>\n\t\t\t\t<\/div>\n\t\t\t\n\t\t\t\t\t\t\t<h3 class=\"wd-entities-title title post-title\">\n\t\t\t\t\t<a href=\"https:\/\/blumkaffee.com\/espresso-zubereitung-siebtraegerkaffeemaschine\/\" rel=\"bookmark\">7 Tipps zur Espresso Zubereitung an der Siebtr\u00e4gerkaffeemaschine!<\/a>\n\t\t\t\t<\/h3>\n\t\t\t\n\t\t\t\t\t\t\t<div class=\"entry-meta wd-entry-meta\">\n\t\t\t\t\t\t\t\t<ul class=\"entry-meta-list\">\n\t\t\t\t\t\t\t\t\t<li class=\"modified-date\">\n\t\t\t\t\t\t\t\t<time class=\"updated\" datetime=\"2023-12-13T16:27:58+01:00\">\n\t\t\tDezember 13, 2023\t\t<\/time>\n\t\t\t\t\t\t\t<\/li>\n\n\t\t\t\t\t\n\t\t\t\t\t\t\t\t\t\t\t<li class=\"meta-author\">\n\t\t\t\t\t\t\t\t\t\t\t\t<span>Durch<\/span>\n\t\t\n\t\t\t\t\t<img alt='author-avatar' src=\"https:\/\/blumkaffee.com\/wp-content\/themes\/woodmart\/images\/lazy.svg\" data-src='https:\/\/secure.gravatar.com\/avatar\/5bfa769c865f582d3365725efaebb568b05fd97a2008df76157a93568b6209c6?s=32&#038;d=mm&#038;r=g' srcset=\"\" data-srcset='https:\/\/secure.gravatar.com\/avatar\/5bfa769c865f582d3365725efaebb568b05fd97a2008df76157a93568b6209c6?s=64&#038;d=mm&#038;r=g 2x' class='avatar avatar-32 photo' height='32' width='32' decoding='async'\/>\t\t\n\t\t<a href=\"https:\/\/blumkaffee.com\/author\/teamblumkaffee-ch\/\" class=\"author\" rel=\"author\">team@blumkaffee.ch<\/a>\n\t\t\t\t\t\t\t\t<\/li>\n\t\t\t\t\t\n\t\t\t\t\t\n\t\t\t\t\t\t\t\t\t\t\t<li class=\"meta-reply\">\n\t\t\t\t\t\t\t<a href=\"https:\/\/blumkaffee.com\/espresso-zubereitung-siebtraegerkaffeemaschine\/#respond\"><span class=\"replies-count\">0<\/span> <span class=\"replies-count-label\">Bemerkungen<\/span><\/a>\t\t\t\t\t\t<\/li>\n\t\t\t\t\t\t\t\t\t\t\t\t<\/ul>\n\t\t\t\t\t\t<\/div>\n\t\t\t\t\t\t\t\t\t<div class=\"hovered-social-icons wd-tltp\">\n\t\t\t\t\t\t<div class=\"tooltip top\">\n\t\t\t\t\t\t\t<div class=\"tooltip-arrow\"><\/div>\n\t\t\t\t\t\t\t<div class=\"tooltip-inner\">\n\t\t\t\t\t\t\t\t\t\t\t<div id=\"\" class=\" wd-social-icons wd-style-default wd-size-small social-share wd-shape-circle color-scheme-light text-center\">\n\t\t\t\t\n\t\t\t\t\n\t\t\t\t\t\t\t\t\t<a rel=\"noopener noreferrer nofollow\" href=\"https:\/\/www.facebook.com\/sharer\/sharer.php?u=https:\/\/blumkaffee.com\/category\/gastronomie\/\" target=\"_blank\" class=\" wd-social-icon social-facebook\" aria-label=\"Facebook social link\">\n\t\t\t\t\t\t<span class=\"wd-icon\"><\/span>\n\t\t\t\t\t\t\t\t\t\t\t<\/a>\n\t\t\t\t\n\t\t\t\t\t\t\t\t\t<a rel=\"noopener noreferrer nofollow\" href=\"https:\/\/x.com\/share?url=https:\/\/blumkaffee.com\/category\/gastronomie\/\" target=\"_blank\" class=\" wd-social-icon social-twitter\" aria-label=\"X social link\">\n\t\t\t\t\t\t<span class=\"wd-icon\"><\/span>\n\t\t\t\t\t\t\t\t\t\t\t<\/a>\n\t\t\t\t\n\t\t\t\t\n\t\t\t\t\n\t\t\t\t\n\t\t\t\t\n\t\t\t\t\n\t\t\t\t\t\t\t\t\t<a rel=\"noopener noreferrer nofollow\" href=\"https:\/\/pinterest.com\/pin\/create\/button\/?url=https:\/\/blumkaffee.com\/category\/gastronomie\/&media=https:\/\/blumkaffee.com\/wp-content\/uploads\/2023\/11\/20-Bezzera-Siebtraeger-einspannen-2-1.jpg&description=7+Tipps+zur+Espresso+Zubereitung+an+der+Siebtr%C3%A4gerkaffeemaschine%21\" target=\"_blank\" class=\" wd-social-icon social-pinterest\" aria-label=\"Pinterest social link\">\n\t\t\t\t\t\t<span class=\"wd-icon\"><\/span>\n\t\t\t\t\t\t\t\t\t\t\t<\/a>\n\t\t\t\t\n\t\t\t\t\n\t\t\t\t\t\t\t\t\t<a rel=\"noopener noreferrer nofollow\" href=\"https:\/\/www.linkedin.com\/shareArticle?mini=true&url=https:\/\/blumkaffee.com\/category\/gastronomie\/\" target=\"_blank\" class=\" wd-social-icon social-linkedin\" aria-label=\"Linkedin social link\">\n\t\t\t\t\t\t<span class=\"wd-icon\"><\/span>\n\t\t\t\t\t\t\t\t\t\t\t<\/a>\n\t\t\t\t\n\t\t\t\t\n\t\t\t\t\n\t\t\t\t\n\t\t\t\t\n\t\t\t\t\n\t\t\t\t\n\t\t\t\t\n\t\t\t\t\n\t\t\t\t\n\t\t\t\t\n\t\t\t\t\n\t\t\t\t\n\t\t\t\t\n\t\t\t\t\n\t\t\t\t\n\t\t\t\t\t\t\t\t\t<a rel=\"noopener noreferrer nofollow\" href=\"https:\/\/telegram.me\/share\/url?url=https:\/\/blumkaffee.com\/category\/gastronomie\/\" target=\"_blank\" class=\" wd-social-icon social-tg\" aria-label=\"Telegram social link\">\n\t\t\t\t\t\t<span class=\"wd-icon\"><\/span>\n\t\t\t\t\t\t\t\t\t\t\t<\/a>\n\t\t\t\t\n\t\t\t\t\n\t\t\t<\/div>\n\n\t\t\t\t\t\t\t\t\t<\/div>\n\t\t\t\t\t\t<\/div>\n\t\t\t\t\t<\/div>\n\t\t\t\t\t\t\t\n\t\t\t\t\t\t\t\t\t\t\t\t<div class=\"entry-content wd-post-desc\">\n\t\t\t\t\t\tWie du an der Siebtr\u00e4gerkaffeemaschine perfekten Espresso zubereitest\t\t\n\t\t\tIn diesem Video erkl\u00e4ren wir dir die 7 Tipps f\u00fcr perfekten E...\t\t\t\t\t<\/div>\n\t\t\t\t\n\t\t\t\t\t\t\t\t\t\t\t\t\t\t<p class=\"read-more-section\">\n\t\t\t\t\t\t<a class=\"btn-read-more more-link\" href=\"https:\/\/blumkaffee.com\/espresso-zubereitung-siebtraegerkaffeemaschine\/\">Weiterlesen<\/a>\t\t\t\t\t<\/p>\n\t\t\t\t\t\t\t\t\t\t\t\t\t<\/div>\n\t<\/div>\n<\/article>\n\n\t\t\t\t\t\n\t\t\t\t\t","status":"have-posts","nextPage":"https:\/\/blumkaffee.com\/category\/gastronomie\/page\/3\/?currency=CHF&woo_ajax=1#038;woo_ajax=1","currentPage":"https:\/\/blumkaffee.com\/category\/gastronomie\/page\/2"}